{"id":23576,"date":"2023-03-02T12:26:56","date_gmt":"2023-03-02T15:26:56","guid":{"rendered":"https:\/\/www.esportesbrasilia.com.br\/noticias\/?p=23576"},"modified":"2023-03-02T12:26:57","modified_gmt":"2023-03-02T15:26:57","slug":"brasiliense-cede-empate-no-final-mas-avanca-na-copa-do-brasil-2023","status":"publish","type":"post","link":"https:\/\/www.esportesbrasilia.com.br\/noticias\/futebol\/brasiliense-cede-empate-no-final-mas-avanca-na-copa-do-brasil-2023.html","title":{"rendered":"Brasiliense cede empate no final, mas avan\u00e7a na Copa do Brasil 2023"},"content":{"rendered":"\n<p><strong>Foto: Beni Jr.\/Metropoles.com<\/strong><\/p>\n\n\n\n<p>O Brasiliense foi at\u00e9 a cidade de S\u00e3o Jo\u00e3o Del Rei\/MG, na noite desta quarta-feira (01), para enfrentar o Athletic. A partida foi v\u00e1lida pela primeira fase da Copa do Brasil 2023. O Jacar\u00e9, por ter um melhor ranking na CBF, poderia at\u00e9 mesmo empatar o confronto que avan\u00e7aria de fase.<\/p>\n\n\n\n<p>E foi o que aconteceu. Antes dos gols, o Athletic teve uma grande chance de abrir o placar. Aos 20 minutos do primeiro tempo, R\u00f4mulo tenta cruzar na grande \u00e1rea, mas a bola toca na m\u00e3o de Caetano. O \u00e1rbitro Marcelo de Lima Henrique marca penalidade m\u00e1xima. Na cobran\u00e7a, Falc\u00e3o bate pro gol, e o goleiro Edmar Sucuri defende, colocando para escanteio.<\/p>\n\n\n\n<p>Contudo, os gols sa\u00edram somente no segundo tempo. Aos 22 minutos, Luquinhas recebeu passe pelo centro de campo, trouxe para a direita e tocou para Gabriel Henrique, que de longe, acertou uma bomba. A bola vai no \u00e2ngulo do goleiro Denivys, sem chance de defesa. Um gola\u00e7o, abrindo o placar para o Brasiliense.<\/p>\n\n\n\n<p>J\u00e1 aos 45, R\u00f4mulo avan\u00e7ou pela esquerda e levantou a bola na grande \u00e1rea, a defesa do Brasiliense tenta afastar, mas Jonathan, sem marca\u00e7\u00e3o, finaliza pro gol. O goleiro Edmar Sucuri nem se mexe e a bola vai no \u00e2ngulo do arqueiro candango, empatando o jogo em S\u00e3o Jo\u00e3o Del Rei.<\/p>\n\n\n\n<p>A equipe mineira ainda tentou pressionar nos minutos finais, mas sem sucesso. O Brasiliense avan\u00e7ou para a segunda fase da Copa do Brasil e aguarda o advers\u00e1rio do jogo entre Sergipe\/SE e Botafogo\/RJ para conhecer o advers\u00e1rio na sequ\u00eancia da competi\u00e7\u00e3o.<\/p>\n","protected":false},"excerpt":{"rendered":"<p>Foto: Beni Jr.\/Metropoles.com O Brasiliense foi at\u00e9 a cidade de S\u00e3o Jo\u00e3o Del Rei\/MG, na noite desta quarta-feira (01), para enfrentar o Athletic. A partida foi v\u00e1lida pela primeira fase da Copa do Brasil 2023. O Jacar\u00e9, por ter um melhor ranking na CBF, poderia at\u00e9 mesmo empatar o confronto que avan\u00e7aria de fase. E [&hellip;]<\/p>\n","protected":false},"author":2,"featured_media":23577,"comment_status":"closed","ping_status":"closed","sticky":false,"template":"","format":"standard","meta":{"footnotes":""},"categories":[8],"tags":[1167,1177,34,1123],"class_list":["post-23576","post","type-post","status-publish","format-standard","has-post-thumbnail","hentry","category-futebol","tag-athletic","tag-athletic-x-brasil","tag-brasiliense","tag-copa-do-brasil-2023"],"_links":{"self":[{"href":"https:\/\/www.esportesbrasilia.com.br\/noticias\/wp-json\/wp\/v2\/posts\/23576","targetHints":{"allow":["GET"]}}],"collection":[{"href":"https:\/\/www.esportesbrasilia.com.br\/noticias\/wp-json\/wp\/v2\/posts"}],"about":[{"href":"https:\/\/www.esportesbrasilia.com.br\/noticias\/wp-json\/wp\/v2\/types\/post"}],"author":[{"embeddable":true,"href":"https:\/\/www.esportesbrasilia.com.br\/noticias\/wp-json\/wp\/v2\/users\/2"}],"replies":[{"embeddable":true,"href":"https:\/\/www.esportesbrasilia.com.br\/noticias\/wp-json\/wp\/v2\/comments?post=23576"}],"version-history":[{"count":1,"href":"https:\/\/www.esportesbrasilia.com.br\/noticias\/wp-json\/wp\/v2\/posts\/23576\/revisions"}],"predecessor-version":[{"id":23578,"href":"https:\/\/www.esportesbrasilia.com.br\/noticias\/wp-json\/wp\/v2\/posts\/23576\/revisions\/23578"}],"wp:featuredmedia":[{"embeddable":true,"href":"https:\/\/www.esportesbrasilia.com.br\/noticias\/wp-json\/wp\/v2\/media\/23577"}],"wp:attachment":[{"href":"https:\/\/www.esportesbrasilia.com.br\/noticias\/wp-json\/wp\/v2\/media?parent=23576"}],"wp:term":[{"taxonomy":"category","embeddable":true,"href":"https:\/\/www.esportesbrasilia.com.br\/noticias\/wp-json\/wp\/v2\/categories?post=23576"},{"taxonomy":"post_tag","embeddable":true,"href":"https:\/\/www.esportesbrasilia.com.br\/noticias\/wp-json\/wp\/v2\/tags?post=23576"}],"curies":[{"name":"wp","href":"https:\/\/api.w.org\/{rel}","templated":true}]}}