{"id":23552,"date":"2023-03-01T22:34:48","date_gmt":"2023-03-02T01:34:48","guid":{"rendered":"https:\/\/www.esportesbrasilia.com.br\/noticias\/?p=23552"},"modified":"2023-03-02T09:37:16","modified_gmt":"2023-03-02T12:37:16","slug":"gremio-atropela-campinense-em-confronto-da-copa-do-brasil","status":"publish","type":"post","link":"https:\/\/www.esportesbrasilia.com.br\/noticias\/futebol\/gremio-atropela-campinense-em-confronto-da-copa-do-brasil.html","title":{"rendered":"Gr\u00eamio atropela Campinense em confronto da Copa do Brasil"},"content":{"rendered":"\n<p><strong>Foto: Lucas Uebel\/Gr\u00eamio FBPA<\/strong><\/p>\n\n\n\n<p>A noite desta quarta-feira (01) marcou o confronto entre <strong>Campinense\u00a0<\/strong>e\u00a0<strong>Gr\u00eamio\u00a0<\/strong>no Man\u00e9 Garrincha, pela Copa do Brasil. No fim deste confronto, o tricolor ga\u00facho confirmou o favoritismo e venceu por 2&#215;0.<\/p>\n\n\n\n<p>O Gr\u00eamio jogou por um empate para seguir no torneio e superou a meta. Por estar melhor posicionado no Ranking de CBF (Clubes da Confedera\u00e7\u00e3o Brasileira de Futebol), o pr\u00f3ximo advers\u00e1rio ser\u00e1 o Ferrovi\u00e1rio\/CE, que eliminou o Resende\/RJ.<\/p>\n\n\n\n<p>De um lado, um plantel com um elenco imortal do Renato Ga\u00facho. Do outro, um clube que \u00e9 l\u00edder do Campeonato Paraibano. Essa foi a 14\u00aa participa\u00e7\u00e3o do\u00a0<strong>Campinense\u00a0<\/strong>na hist\u00f3ria da\u00a0Copa do Brasil. O <strong>Gr\u00eamio<\/strong> disputou pela 27\u00aa vez. O Tricolor chegou \u00e0 final nove vezes, sendo o recordista no quesito, conquistou cinco t\u00edtulos. J\u00e1 o time da Para\u00edba, n\u00e3o levou nenhuma vez o feito para casa. <\/p>\n\n\n\n<h2 class=\"wp-block-heading\">1\u00b0 tempo: press\u00e3o gremista e destaque de Ot\u00e1vio<\/h2>\n\n\n\n<p>O Tricolor come\u00e7ou trabalhando a bola. Conforme o jogo avan\u00e7ava, o Gr\u00eamio mostrava velocidade. Em poucos minutos, quase veio o gol do astro, Reinaldo tentou encontrar Su\u00e1rez, mas cruzou forte e a bola foi para fora. Ap\u00f3s, Su\u00e1rez recebeu uma boa oportunidade, contudo, finalizou muito forte no \u00e2ngulo e Ot\u00e1vio Passos reagiu com defesa.<\/p>\n\n\n\n<p>A disputa estava agitada. Apesar de ofensivo, o Campinense exibia dificuldades. O time errava passes curtos e perdia a chance de invadir o campo inimigo. A equipe da Para\u00edba tinha a metade (158) de passes certos do que os oponente (376).<\/p>\n\n\n\n<p>Mesmo assim, o Campinense segurou invicto os 25 minutos da equipe ga\u00facha. Por outro lado, o Gr\u00eamio mostrava mais impacto. Com o tempo, o time decidiu baixar a intensidade e optou por n\u00e3o inaugurar o placar. <\/p>\n\n\n\n<p>Para gerar um melhor aproveitamento, Leston J\u00fanior pediu algo controverso. Ao Mauri e Diego Viana o t\u00e9cnico solicitou subirem para pressionar o setor defensivo gremista. Sem muitos atletas na pequena \u00e1rea, Bitello foi quase certeiro. <\/p>\n\n\n\n<p>O goleiro do Raposa se destacou e protegeu suas redes. Mas Leston n\u00e3o foi palho para o meio campista Cristaldo, aos 26&#8242;, o atleta efetuou tabela com Su\u00e1rez e bateu de canhota no canto da caixa: 1 x 0 para o Gr\u00eamio.<\/p>\n\n\n\n<p>O campo do Man\u00e9 Garrincha esquentava cada vez mais, as raposas conseguiram um pouco de espa\u00e7o. Foram tr\u00eas escanteios seguidos para o Campinense. Vindos de Diego Viana, o placar n\u00e3o mudou.<\/p>\n\n\n\n<p>Nada seria f\u00e1cil. Como rea\u00e7\u00e3o desse curto tempo com o rubro-negro, Reinaldo quase balan\u00e7ou as redes do est\u00e1dio. O primeiro tempo da partida estava pr\u00f3xima do fim, <br>e o Gr\u00eamio continuou controlando cada minuto. Embora neutralizasse todas as jogadas do Campinense, o time poderia ter um aproveitamento muito melhor.<\/p>\n\n\n\n<h2 class=\"wp-block-heading\">2\u00b0 tempo: jogo de paci\u00eancia<\/h2>\n\n\n\n<p> O jogo continuava na mesma, sem substitui\u00e7\u00f5es e as mesma t\u00e1ticas. Sem pressa, com o rel\u00f3gio correndo, o Gr\u00eamio somente estava trocando passes na \u00e1rea. Vendo o jogo morno dos vermelhos, Leston J\u00fanior moveu pe\u00e7as para ati\u00e7ar novos ares para a Raposa. O treinador tirou o Diego, em seu lugar colocou William.<\/p>\n\n\n\n<p>Gr\u00eamio n\u00e3o ficou de fora, Ferreira entrou no lugar de Vina e Everton no lugar do volante Pep\u00ea. Mas esse ato revelou desconex\u00e3o na equipe. Su\u00e1rez deu chance para Ferreirinha, que perdeu grande chance. Depois, o camisa 18 reclamou de Galdino, que o atrapalhou.  Esse ato n\u00e3o expressou bons \u00e2nimos por parte dos torcedores ga\u00fachos.<\/p>\n\n\n\n<p>N\u00e3o era novidade que, no jogo da paci\u00eancia, quem mantinha era o Gr\u00eamio. Os ga\u00fachos foram mantendo a bola no ataque e trocando passes no campo defensivo. Os paraibanos at\u00e9 tiveram uma oportunidade de perigo, mas nada parava os imortais. Ferreira bateu direto para o gol e comemorou com a torcida aos 42&#8242; minutos. J\u00e1 nos acr\u00e9scimos, os azuis n\u00e3o pararam, Su\u00e1rez recebeu passe de Ferreirinha, mas mandou longe.<\/p>\n\n\n\n<p>O jogo, ent\u00e3o, finalizou em 2 x 0, mesmo placar nas duas vezes em que o Gr\u00eamio enfrentou o Campinense na competi\u00e7\u00e3o nacional, em 2015.<\/p>\n\n\n\n<h2 class=\"wp-block-heading\">Ficha t\u00e9cnica<\/h2>\n\n\n\n<p>Gr\u00eamio 2 x 0 Campinense &#8211; Copa do Brasil<br>.<br>\u00c1rbitro principal: Luiz Flavio de Oliveira (SP)<br>Assistente 1: Anderson Jose de Moraes Coelho (SP)<br>Assistente 2: \u00cdtalo Magno de Paula Andrade (SP)<br>Quarto \u00e1rbitro: Rafael Martins Diniz (DF)<\/p>\n\n\n\n<p>P\u00fablico: 9.122<br>Renda: 925.120,00<\/p>\n\n\n\n<p>Gr\u00eamio<\/p>\n\n\n\n<p>Adriel, Jo\u00e3o Pedro, Bruno Alves, Kenneman, Reinaldo, Villasanti, Pep\u00ea, Bittelo, Cristaldo, Vina e Su\u00e1rez<\/p>\n\n\n\n<p>T\u00e9cnico: Renato Ga\u00facho<\/p>\n\n\n\n<p>Gol: Cristaldo e Ferreira<\/p>\n\n\n\n<p>Campinense<\/p>\n\n\n\n<p>Ot\u00e1vio Passos, Thiago Ennes, Diego Silva, Willian, Bruno Colla\u00e7o, Rog\u00e9rio, Paulo Victor, Ramires, Diego Viana, Mauri, Vanderlan<\/p>\n\n\n\n<p>T\u00e9cnico: Leston Junior<\/p>\n","protected":false},"excerpt":{"rendered":"<p>Foto: Lucas Uebel\/Gr\u00eamio FBPA A noite desta quarta-feira (01) marcou o confronto entre Campinense\u00a0e\u00a0Gr\u00eamio\u00a0no Man\u00e9 Garrincha, pela Copa do Brasil. No fim deste confronto, o tricolor ga\u00facho confirmou o favoritismo e venceu por 2&#215;0. O Gr\u00eamio jogou por um empate para seguir no torneio e superou a meta. Por estar melhor posicionado no Ranking de [&hellip;]<\/p>\n","protected":false},"author":48,"featured_media":23571,"comment_status":"closed","ping_status":"closed","sticky":false,"template":"","format":"standard","meta":{"footnotes":""},"categories":[8],"tags":[1135,1137,395,1173,1136,1175,1176,1174],"class_list":["post-23552","post","type-post","status-publish","format-standard","has-post-thumbnail","hentry","category-futebol","tag-campinense","tag-campinense-x-gremio","tag-cbf","tag-diego-viana","tag-gremio","tag-leston-junior","tag-renato-gaucho","tag-suarez"],"_links":{"self":[{"href":"https:\/\/www.esportesbrasilia.com.br\/noticias\/wp-json\/wp\/v2\/posts\/23552","targetHints":{"allow":["GET"]}}],"collection":[{"href":"https:\/\/www.esportesbrasilia.com.br\/noticias\/wp-json\/wp\/v2\/posts"}],"about":[{"href":"https:\/\/www.esportesbrasilia.com.br\/noticias\/wp-json\/wp\/v2\/types\/post"}],"author":[{"embeddable":true,"href":"https:\/\/www.esportesbrasilia.com.br\/noticias\/wp-json\/wp\/v2\/users\/48"}],"replies":[{"embeddable":true,"href":"https:\/\/www.esportesbrasilia.com.br\/noticias\/wp-json\/wp\/v2\/comments?post=23552"}],"version-history":[{"count":16,"href":"https:\/\/www.esportesbrasilia.com.br\/noticias\/wp-json\/wp\/v2\/posts\/23552\/revisions"}],"predecessor-version":[{"id":23575,"href":"https:\/\/www.esportesbrasilia.com.br\/noticias\/wp-json\/wp\/v2\/posts\/23552\/revisions\/23575"}],"wp:featuredmedia":[{"embeddable":true,"href":"https:\/\/www.esportesbrasilia.com.br\/noticias\/wp-json\/wp\/v2\/media\/23571"}],"wp:attachment":[{"href":"https:\/\/www.esportesbrasilia.com.br\/noticias\/wp-json\/wp\/v2\/media?parent=23552"}],"wp:term":[{"taxonomy":"category","embeddable":true,"href":"https:\/\/www.esportesbrasilia.com.br\/noticias\/wp-json\/wp\/v2\/categories?post=23552"},{"taxonomy":"post_tag","embeddable":true,"href":"https:\/\/www.esportesbrasilia.com.br\/noticias\/wp-json\/wp\/v2\/tags?post=23552"}],"curies":[{"name":"wp","href":"https:\/\/api.w.org\/{rel}","templated":true}]}}