{"id":23532,"date":"2023-03-01T10:46:30","date_gmt":"2023-03-01T13:46:30","guid":{"rendered":"https:\/\/www.esportesbrasilia.com.br\/noticias\/?p=23532"},"modified":"2023-03-01T10:46:30","modified_gmt":"2023-03-01T13:46:30","slug":"brasiliense-pronto-para-enfrentar-o-athletic-pela-copa-do-brasil-a-copa-dos-milhoes","status":"publish","type":"post","link":"https:\/\/www.esportesbrasilia.com.br\/noticias\/futebol\/brasiliense-pronto-para-enfrentar-o-athletic-pela-copa-do-brasil-a-copa-dos-milhoes.html","title":{"rendered":"Brasiliense pronto para enfrentar o Athletic pela Copa do Brasil, a &#8220;Copa dos Milh\u00f5es&#8221;"},"content":{"rendered":"\n<p>O Brasiliense Futebol Clube est\u00e1 disputando atualmente duas competi\u00e7\u00f5es. Est\u00e1 no Candang\u00e3o e tamb\u00e9m, na Copa Verde. Nesta quarta-feira, a partir das 20 horas no est\u00e1dio Joaquim Portugal, em S\u00e3o Jo\u00e3o Del Rei, no estado de Minas Gerais, o jacar\u00e9 brasiliense estrear\u00e1 na Copa do Brasil 2023.&nbsp;<\/p>\n\n\n\n<p>Jogando com a vantagem do empate para seguir na competi\u00e7\u00e3o nacional e ir em busca de mais R$ 900 mil, a delega\u00e7\u00e3o do jacar\u00e9 brasiliense j\u00e1 est\u00e1 em terras mineiras desde a noite de segunda-feira. Atualmente comandado pelo t\u00e9cnico interino Alan George, o time candango ocupa a quarta posi\u00e7\u00e3o do campeonato do Distrito Federal, com 9 pontos ganhos. Na Copa Verde, eliminou o Tocantin\u00f3polis\/TO ap\u00f3s vit\u00f3ria de 4 a 2. Agora seu pr\u00f3ximo advers\u00e1rio ser\u00e1 o Goi\u00e1s Esporte Clube.\u00a0<\/p>\n\n\n\n<p>Mas, se voltando para a Copa do Brasil, o t\u00e9cnico interino Alan George tem os desfalques do volante Aldo, ele que saiu machucado no empate em 1 a 1 com o Real Bras\u00edlia, no domingo no est\u00e1dio Defel\u00ea, no Plano Piloto do Distrito Federal e do lateral Andrezinho.\u00a0\u00a0Gabriel Henrique que entrou no lugar de Aldo, \u00e9 o mais cotado para ser o camisa 5. Na lateral direita, Caetano deve continuar como titular. Hernane Brocador seguiu com a delega\u00e7\u00e3o e est\u00e1 \u00e0 disposi\u00e7\u00e3o do treinador do time candango.\u00a0\u00a0<\/p>\n\n\n\n<p>O time que pode enfrentar o Athletic nesta quarta-feira deve ser a base que come\u00e7ou o jogo frente ao Real Bras\u00edlia no empate em 1 a 1 pelo Candang\u00e3o. O prov\u00e1vel Brasiliense: Edmar Sucuri; Caetano, Railon, Keynan e Alo\u00edsio; Gabriel Henrique, Tarta e Zotti; Luquinhas, Tobinha e Yuri Mamute.\u00a0\u00a0<\/p>\n\n\n\n<p>O vencedor do confronto entre Athletic\/MG x Brasiliense enfrentar\u00e1 o classificado do grupo 9 entre Sergipe x Botafogo\/RJ que se enfrentar\u00e3o na quinta-feira dia 2 de mar\u00e7o, em Aracaju\/SE. Em 2022 o Brasiliense chegou at\u00e9 a terceira fase quando foi eliminado pelo Atl\u00e9tico Mineiro (3 a 0 e 1 a 0). O time candango foi vice-campe\u00e3o da Copa do Brasil em 2002, em disputas com o Corinthians\/SP.\u00a0\u00a0<\/p>\n\n\n\n<p>Athletic \/MG x Brasiliense, jogo v\u00e1lido pelo grupo 10 da primeira fase da Copa do Brasil ter\u00e1 arbitragem de Marcelo de Lima Henrique, com os assistentes Nailton Junior Oliveira e Anderson da Silva Rodrigues, todos da Federa\u00e7\u00e3o Cearense de Futebol. O quarto \u00e1rbitro ser\u00e1 Andreza Heleno de Siqueira, de Minas Gerais.\u00a0\u00a0<\/p>\n\n\n\n<p><strong>E O ATHLETIC?\u00a0<\/strong><\/p>\n\n\n\n<p>O time mineiro vem de vit\u00f3ria fora de casa por 2 a 1 sobre o Democrata de Sete Lagoas.&nbsp;O Esquadr\u00e3o de A\u00e7o chega aos 12 pontos na segunda coloca\u00e7\u00e3o do grupo A se aproxima de uma vaga para a semifinal do Estadual.&nbsp;O time entrou em campo com Julio Cesar; Douglas Silva, Danilo, Lucas Balardin e Vinicius; Rayan, David Francisco, Patrick e Antonio Falc\u00e3o; Gui Mendes e Sass\u00e1. O t\u00e9cnico \u00e9 Roger Silva.&nbsp;&nbsp;<\/p>\n","protected":false},"excerpt":{"rendered":"<p>O Brasiliense Futebol Clube est\u00e1 disputando atualmente duas competi\u00e7\u00f5es. Est\u00e1 no Candang\u00e3o e tamb\u00e9m, na Copa Verde. Nesta quarta-feira, a partir das 20 horas no est\u00e1dio Joaquim Portugal, em S\u00e3o Jo\u00e3o Del Rei, no estado de Minas Gerais, o jacar\u00e9 brasiliense estrear\u00e1 na Copa do Brasil 2023.&nbsp; Jogando com a vantagem do empate para seguir [&hellip;]<\/p>\n","protected":false},"author":7,"featured_media":11591,"comment_status":"closed","ping_status":"closed","sticky":false,"template":"","format":"standard","meta":{"footnotes":""},"categories":[8],"tags":[34,1123],"class_list":["post-23532","post","type-post","status-publish","format-standard","has-post-thumbnail","hentry","category-futebol","tag-brasiliense","tag-copa-do-brasil-2023"],"_links":{"self":[{"href":"https:\/\/www.esportesbrasilia.com.br\/noticias\/wp-json\/wp\/v2\/posts\/23532","targetHints":{"allow":["GET"]}}],"collection":[{"href":"https:\/\/www.esportesbrasilia.com.br\/noticias\/wp-json\/wp\/v2\/posts"}],"about":[{"href":"https:\/\/www.esportesbrasilia.com.br\/noticias\/wp-json\/wp\/v2\/types\/post"}],"author":[{"embeddable":true,"href":"https:\/\/www.esportesbrasilia.com.br\/noticias\/wp-json\/wp\/v2\/users\/7"}],"replies":[{"embeddable":true,"href":"https:\/\/www.esportesbrasilia.com.br\/noticias\/wp-json\/wp\/v2\/comments?post=23532"}],"version-history":[{"count":1,"href":"https:\/\/www.esportesbrasilia.com.br\/noticias\/wp-json\/wp\/v2\/posts\/23532\/revisions"}],"predecessor-version":[{"id":23533,"href":"https:\/\/www.esportesbrasilia.com.br\/noticias\/wp-json\/wp\/v2\/posts\/23532\/revisions\/23533"}],"wp:featuredmedia":[{"embeddable":true,"href":"https:\/\/www.esportesbrasilia.com.br\/noticias\/wp-json\/wp\/v2\/media\/11591"}],"wp:attachment":[{"href":"https:\/\/www.esportesbrasilia.com.br\/noticias\/wp-json\/wp\/v2\/media?parent=23532"}],"wp:term":[{"taxonomy":"category","embeddable":true,"href":"https:\/\/www.esportesbrasilia.com.br\/noticias\/wp-json\/wp\/v2\/categories?post=23532"},{"taxonomy":"post_tag","embeddable":true,"href":"https:\/\/www.esportesbrasilia.com.br\/noticias\/wp-json\/wp\/v2\/tags?post=23532"}],"curies":[{"name":"wp","href":"https:\/\/api.w.org\/{rel}","templated":true}]}}