{"id":23430,"date":"2023-02-17T15:53:04","date_gmt":"2023-02-17T18:53:04","guid":{"rendered":"https:\/\/www.esportesbrasilia.com.br\/noticias\/?p=23430"},"modified":"2023-02-17T15:53:05","modified_gmt":"2023-02-17T18:53:05","slug":"ceilandia-da-a-largada-na-copa-verde-no-abadiao","status":"publish","type":"post","link":"https:\/\/www.esportesbrasilia.com.br\/noticias\/futebol\/ceilandia-da-a-largada-na-copa-verde-no-abadiao.html","title":{"rendered":"Ceil\u00e2ndia d\u00e1 a largada na Copa Verde no Abadi\u00e3o"},"content":{"rendered":"\n<p>Um dos representes do Distrito Federal na Copa Verde 2023, o Ceil\u00e2ndia vai estrear na primeira fase da competi\u00e7\u00e3o neste s\u00e1bado (18), \u00e0s 15h30, no est\u00e1dio Abadi\u00e3o, em Ceil\u00e2ndia\/DF, diante do Rio Branco\/ES, com transmiss\u00e3o da <strong>Esportes Bras\u00edlia<\/strong>.\u00a0<\/p>\n\n\n\n<p>Quem se classificar neste confronto enfrentar\u00e1 o Cuiab\u00e1\/MT, na segunda fase da competi\u00e7\u00e3o promovida pela CBF, no dia 1\u00ba de mar\u00e7o, em Cuiab\u00e1. Em 2022, o Ceil\u00e2ndia optou por n\u00e3o disputar a Copa Verde, j\u00e1 que a competi\u00e7\u00e3o foi realizada \u00e0s pressas antes da Copa do Mundo.\u00a0\u00a0<\/p>\n\n\n\n<p>Atualmente disputando o Candang\u00e3o 2023, o gato Ceil\u00e2ndia comandado pelo t\u00e9cnico Adelson de Almeida, ocupa a terceira posi\u00e7\u00e3o do campeonato de Bras\u00edlia, com oito pontos ganhos. O \u00faltimo compromisso foi na quarta-feira (15), no est\u00e1dio Abadi\u00e3o, empate em 3&#215;3 diante do Bras\u00edlia.\u00a0\u00a0<\/p>\n\n\n\n<p>O time base do Ceil\u00e2ndia que tem come\u00e7ado os jogos \u00e9 formado por: Henrique Marchesan; Julio Cesar, Euller, Dudu e Everaldo; Andrey, Geovane, Dog\u00e3o e Milla; Gabriel e Jo\u00e3o de Deus. Um jogador conhecido do futebol brasileiro e que tem atuado na equipe do gato Ceil\u00e2ndia \u00e9 o meio campista Filipe Cirne, que inclusive marcou um dos gols do empate da \u00faltima quarta-feira<\/p>\n\n\n\n<p>A partida ter\u00e1 arbitragem de Marcos Matheus Pereira, com os assistentes Eduardo Gon\u00e7alves da Cruz e Leandro Ruberdo, todos do Mato Grosso do Sul. O quarto \u00e1rbitro ser\u00e1 Luiz Paulo Aniceto, do Distrito Federal. Os ingressos est\u00e3o ao pre\u00e7o de R$ 20 a inteira e R$ 10 a meia entrada.\u00a0\u00a0<\/p>\n\n\n\n<p><strong>NO DIA 23 DE FEVEREIRO, A EXPECTATIVA \u00c9 RECEBER O SANTOS FC PELA COPA DO BRASIL.&nbsp;&nbsp;<\/strong><\/p>\n\n\n\n<p>Come\u00e7ando uma maratona de jogos a partir deste s\u00e1bado de Carnaval, quando enfrentar\u00e1 o Rio Branco\/ES pela Copa Verde, o Ceil\u00e2ndia j\u00e1 ter\u00e1 na pr\u00f3xima semana, dia 23 de fevereiro, outro confronto importante: enfrentar o Santos\/SP, pela primeira fase da Copa do Brasil.\u00a0\u00a0<\/p>\n\n\n\n<p>A partida foi novamente remanejada para o est\u00e1dio Serej\u00e3o, em Taguatinga, <a href=\"https:\/\/www.esportesbrasilia.com.br\/noticias\/futebol\/ceilandia-confirma-novo-local-da-partida-contra-o-santos.html\" data-type=\"post\" data-id=\"23400\">em fun\u00e7\u00e3o de dificuldades para a estrutura de transmiss\u00e3o televisiva, conforme reinvindica\u00e7\u00e3o da emissora detentora dos direitos de transmiss\u00e3o da Copa do Brasil, o Amazon Prime<\/a>.\u00a0\u00a0<\/p>\n\n\n\n<p>Em 2022, o Ceil\u00e2ndia fez uma excelente campanha na Copa do Brasil. Eliminou o Londrina\/PR, no est\u00e1dio Abadi\u00e3o. Depois, foi at\u00e9 Florian\u00f3polis, onde venceu o Ava\u00ed\/SC por 2 a 1. Na terceira fase da competi\u00e7\u00e3o, foi eliminado pelo Botafogo\/RJ.<\/p>\n","protected":false},"excerpt":{"rendered":"<p>Um dos representes do Distrito Federal na Copa Verde 2023, o Ceil\u00e2ndia vai estrear na primeira fase da competi\u00e7\u00e3o neste s\u00e1bado (18), \u00e0s 15h30, no est\u00e1dio Abadi\u00e3o, em Ceil\u00e2ndia\/DF, diante do Rio Branco\/ES, com transmiss\u00e3o da Esportes Bras\u00edlia.\u00a0 Quem se classificar neste confronto enfrentar\u00e1 o Cuiab\u00e1\/MT, na segunda fase da competi\u00e7\u00e3o promovida pela CBF, no [&hellip;]<\/p>\n","protected":false},"author":7,"featured_media":23396,"comment_status":"closed","ping_status":"closed","sticky":false,"template":"","format":"standard","meta":{"footnotes":""},"categories":[8],"tags":[40,397,1141],"class_list":["post-23430","post","type-post","status-publish","format-standard","has-post-thumbnail","hentry","category-futebol","tag-ceilandia","tag-copa-verde","tag-rio-branco"],"_links":{"self":[{"href":"https:\/\/www.esportesbrasilia.com.br\/noticias\/wp-json\/wp\/v2\/posts\/23430","targetHints":{"allow":["GET"]}}],"collection":[{"href":"https:\/\/www.esportesbrasilia.com.br\/noticias\/wp-json\/wp\/v2\/posts"}],"about":[{"href":"https:\/\/www.esportesbrasilia.com.br\/noticias\/wp-json\/wp\/v2\/types\/post"}],"author":[{"embeddable":true,"href":"https:\/\/www.esportesbrasilia.com.br\/noticias\/wp-json\/wp\/v2\/users\/7"}],"replies":[{"embeddable":true,"href":"https:\/\/www.esportesbrasilia.com.br\/noticias\/wp-json\/wp\/v2\/comments?post=23430"}],"version-history":[{"count":1,"href":"https:\/\/www.esportesbrasilia.com.br\/noticias\/wp-json\/wp\/v2\/posts\/23430\/revisions"}],"predecessor-version":[{"id":23431,"href":"https:\/\/www.esportesbrasilia.com.br\/noticias\/wp-json\/wp\/v2\/posts\/23430\/revisions\/23431"}],"wp:featuredmedia":[{"embeddable":true,"href":"https:\/\/www.esportesbrasilia.com.br\/noticias\/wp-json\/wp\/v2\/media\/23396"}],"wp:attachment":[{"href":"https:\/\/www.esportesbrasilia.com.br\/noticias\/wp-json\/wp\/v2\/media?parent=23430"}],"wp:term":[{"taxonomy":"category","embeddable":true,"href":"https:\/\/www.esportesbrasilia.com.br\/noticias\/wp-json\/wp\/v2\/categories?post=23430"},{"taxonomy":"post_tag","embeddable":true,"href":"https:\/\/www.esportesbrasilia.com.br\/noticias\/wp-json\/wp\/v2\/tags?post=23430"}],"curies":[{"name":"wp","href":"https:\/\/api.w.org\/{rel}","templated":true}]}}