{"id":23400,"date":"2023-02-16T17:10:19","date_gmt":"2023-02-16T20:10:19","guid":{"rendered":"https:\/\/www.esportesbrasilia.com.br\/noticias\/?p=23400"},"modified":"2023-02-16T17:14:02","modified_gmt":"2023-02-16T20:14:02","slug":"ceilandia-confirma-novo-local-da-partida-contra-o-santos","status":"publish","type":"post","link":"https:\/\/www.esportesbrasilia.com.br\/noticias\/futebol\/ceilandia-confirma-novo-local-da-partida-contra-o-santos.html","title":{"rendered":"Ceil\u00e2ndia confirma novo local da partida contra o Santos pela Copa do Brasil"},"content":{"rendered":"\n<p><strong>Foto: Lu\u00e3 Tomasson<\/strong><\/p>\n\n\n\n<p>Ap\u00f3s comunicar, por meio das redes sociais, que o confronto entre Ceil\u00e2ndia e Santos pela Copa do Brasil ocorreria no est\u00e1dio Abadi\u00e3o, casa do Gato Preto, o clube voltou atr\u00e1s e alterou o lugar da partida. O confronto agora ocorrer\u00e1 no Serej\u00e3o, em Taguatinga, na pr\u00f3xima quarta-feira (23), \u00e0s 20h. A mudan\u00e7a ocorreu por imposi\u00e7\u00e3o da detentora de direitos de transmiss\u00e3o da competi\u00e7\u00e3o, a Amazon Prime.&nbsp;<\/p>\n\n\n\n<p>Na nota, o Ceil\u00e2ndia tamb\u00e9m afirmou que o torcedor que j\u00e1 tiver adquirido ingressos para o duelo no Abadi\u00e3o ter\u00e1 o bilhete v\u00e1lido para ir ao Serej\u00e3o tamb\u00e9m. Entretanto, quem quiser pedir reembolso, dever\u00e1 entrar em contato com a empresa Bilheteria Digital.&nbsp;<\/p>\n\n\n\n<p>Antes do importante jogo contra o Santos pela Copa do Brasil, o Gato Preto estreia na Copa Verde enfrentando o Rio Branco (ES), no pr\u00f3ximo s\u00e1bado (18), \u00e0s 15:30, tamb\u00e9m no mesmo est\u00e1dio do confronto contra o Peixe.&nbsp;<\/p>\n\n\n\n<p><strong><em>CBF ainda n\u00e3o confirma<\/em><\/strong><\/p>\n\n\n\n<p>Apesar do Ceil\u00e2ndia j\u00e1 ter publicado que alterou o local do embate contra o Alvinegro Praiano devido o pedido da Amazon Prime, a CBF (Confedera\u00e7\u00e3o Brasileira de Futebol), entidade m\u00e1xima do futebol brasileiro, ainda n\u00e3o homologou a mudan\u00e7a e, at\u00e9 o momento, o jogo continua no Abadi\u00e3o.&nbsp;<\/p>\n","protected":false},"excerpt":{"rendered":"<p>Foto: Lu\u00e3 Tomasson Ap\u00f3s comunicar, por meio das redes sociais, que o confronto entre Ceil\u00e2ndia e Santos pela Copa do Brasil ocorreria no est\u00e1dio Abadi\u00e3o, casa do Gato Preto, o clube voltou atr\u00e1s e alterou o lugar da partida. O confronto agora ocorrer\u00e1 no Serej\u00e3o, em Taguatinga, na pr\u00f3xima quarta-feira (23), \u00e0s 20h. A mudan\u00e7a [&hellip;]<\/p>\n","protected":false},"author":47,"featured_media":22562,"comment_status":"closed","ping_status":"closed","sticky":false,"template":"","format":"standard","meta":{"footnotes":""},"categories":[8],"tags":[43,395,40,73,402,130],"class_list":["post-23400","post","type-post","status-publish","format-standard","has-post-thumbnail","hentry","category-futebol","tag-abadiao","tag-cbf","tag-ceilandia","tag-copa-do-brasil","tag-santos","tag-serejao"],"_links":{"self":[{"href":"https:\/\/www.esportesbrasilia.com.br\/noticias\/wp-json\/wp\/v2\/posts\/23400","targetHints":{"allow":["GET"]}}],"collection":[{"href":"https:\/\/www.esportesbrasilia.com.br\/noticias\/wp-json\/wp\/v2\/posts"}],"about":[{"href":"https:\/\/www.esportesbrasilia.com.br\/noticias\/wp-json\/wp\/v2\/types\/post"}],"author":[{"embeddable":true,"href":"https:\/\/www.esportesbrasilia.com.br\/noticias\/wp-json\/wp\/v2\/users\/47"}],"replies":[{"embeddable":true,"href":"https:\/\/www.esportesbrasilia.com.br\/noticias\/wp-json\/wp\/v2\/comments?post=23400"}],"version-history":[{"count":2,"href":"https:\/\/www.esportesbrasilia.com.br\/noticias\/wp-json\/wp\/v2\/posts\/23400\/revisions"}],"predecessor-version":[{"id":23402,"href":"https:\/\/www.esportesbrasilia.com.br\/noticias\/wp-json\/wp\/v2\/posts\/23400\/revisions\/23402"}],"wp:featuredmedia":[{"embeddable":true,"href":"https:\/\/www.esportesbrasilia.com.br\/noticias\/wp-json\/wp\/v2\/media\/22562"}],"wp:attachment":[{"href":"https:\/\/www.esportesbrasilia.com.br\/noticias\/wp-json\/wp\/v2\/media?parent=23400"}],"wp:term":[{"taxonomy":"category","embeddable":true,"href":"https:\/\/www.esportesbrasilia.com.br\/noticias\/wp-json\/wp\/v2\/categories?post=23400"},{"taxonomy":"post_tag","embeddable":true,"href":"https:\/\/www.esportesbrasilia.com.br\/noticias\/wp-json\/wp\/v2\/tags?post=23400"}],"curies":[{"name":"wp","href":"https:\/\/api.w.org\/{rel}","templated":true}]}}