{"id":23398,"date":"2023-02-16T10:22:55","date_gmt":"2023-02-16T13:22:55","guid":{"rendered":"https:\/\/www.esportesbrasilia.com.br\/noticias\/?p=23398"},"modified":"2023-02-16T10:22:56","modified_gmt":"2023-02-16T13:22:56","slug":"campinense-pode-transferir-confronto-contra-o-gremio-pela-copa-do-brasil-para-o-df","status":"publish","type":"post","link":"https:\/\/www.esportesbrasilia.com.br\/noticias\/futebol\/campinense-pode-transferir-confronto-contra-o-gremio-pela-copa-do-brasil-para-o-df.html","title":{"rendered":"Campinense pode transferir confronto contra o Gr\u00eamio pela Copa do Brasil para o DF"},"content":{"rendered":"\n<p>Depois da confirma\u00e7\u00e3o da mudan\u00e7a de sede de Trem\/AP e Vasco\/RJ, do est\u00e1dio Zer\u00e3o, em Macap\u00e1, para o est\u00e1dio Nacional Man\u00e9 Garrincha, pela falta de laudos, mais um jogo da Copa do Brasil pode desembarcar na capital federal.<\/p>\n\n\n\n<p>Dessa vez, o Campinense\/PB teria recebido uma proposta de empres\u00e1rios para trazer o jogo da primeira fase contra o Gr\u00eamio\/RS, marcado para o dia 01 de mar\u00e7o, para Bras\u00edlia.<\/p>\n\n\n\n<p>Segundo a imprensa paraibana, todos os detalhes j\u00e1 estariam acertados e faltaria somente a homologa\u00e7\u00e3o da mudan\u00e7a por parte da CBF. At\u00e9 o fechamento desta reportagem, o jogo est\u00e1 confirmado para o est\u00e1dio Amig\u00e3o, em Campina Grande\/PB.<\/p>\n\n\n\n<p>No entanto, o comandante da raposa minimiza a situa\u00e7\u00e3o e diz que tudo n\u00e3o passou de sondagem.<\/p>\n\n\n\n<p>&#8220;Recebemos apenas uma sondagem, mas me pareceu bem interessante. Pedi que formalizassem uma proposta para que pud\u00e9ssemos avaliar melhor. O Campinense receberia uma cota fixa, al\u00e9m da cobertura de todas as despesas de transporte e hospedagem. Vamos ver como evolui&#8221;, disse o presidente do Campinense, Danylo Maia, ao <em>globoesporte.com<\/em>.<\/p>\n","protected":false},"excerpt":{"rendered":"<p>Depois da confirma\u00e7\u00e3o da mudan\u00e7a de sede de Trem\/AP e Vasco\/RJ, do est\u00e1dio Zer\u00e3o, em Macap\u00e1, para o est\u00e1dio Nacional Man\u00e9 Garrincha, pela falta de laudos, mais um jogo da Copa do Brasil pode desembarcar na capital federal. Dessa vez, o Campinense\/PB teria recebido uma proposta de empres\u00e1rios para trazer o jogo da primeira fase [&hellip;]<\/p>\n","protected":false},"author":2,"featured_media":23279,"comment_status":"closed","ping_status":"closed","sticky":false,"template":"","format":"standard","meta":{"footnotes":""},"categories":[8],"tags":[1135,1137,1123,1136],"class_list":["post-23398","post","type-post","status-publish","format-standard","has-post-thumbnail","hentry","category-futebol","tag-campinense","tag-campinense-x-gremio","tag-copa-do-brasil-2023","tag-gremio"],"_links":{"self":[{"href":"https:\/\/www.esportesbrasilia.com.br\/noticias\/wp-json\/wp\/v2\/posts\/23398","targetHints":{"allow":["GET"]}}],"collection":[{"href":"https:\/\/www.esportesbrasilia.com.br\/noticias\/wp-json\/wp\/v2\/posts"}],"about":[{"href":"https:\/\/www.esportesbrasilia.com.br\/noticias\/wp-json\/wp\/v2\/types\/post"}],"author":[{"embeddable":true,"href":"https:\/\/www.esportesbrasilia.com.br\/noticias\/wp-json\/wp\/v2\/users\/2"}],"replies":[{"embeddable":true,"href":"https:\/\/www.esportesbrasilia.com.br\/noticias\/wp-json\/wp\/v2\/comments?post=23398"}],"version-history":[{"count":1,"href":"https:\/\/www.esportesbrasilia.com.br\/noticias\/wp-json\/wp\/v2\/posts\/23398\/revisions"}],"predecessor-version":[{"id":23399,"href":"https:\/\/www.esportesbrasilia.com.br\/noticias\/wp-json\/wp\/v2\/posts\/23398\/revisions\/23399"}],"wp:featuredmedia":[{"embeddable":true,"href":"https:\/\/www.esportesbrasilia.com.br\/noticias\/wp-json\/wp\/v2\/media\/23279"}],"wp:attachment":[{"href":"https:\/\/www.esportesbrasilia.com.br\/noticias\/wp-json\/wp\/v2\/media?parent=23398"}],"wp:term":[{"taxonomy":"category","embeddable":true,"href":"https:\/\/www.esportesbrasilia.com.br\/noticias\/wp-json\/wp\/v2\/categories?post=23398"},{"taxonomy":"post_tag","embeddable":true,"href":"https:\/\/www.esportesbrasilia.com.br\/noticias\/wp-json\/wp\/v2\/tags?post=23398"}],"curies":[{"name":"wp","href":"https:\/\/api.w.org\/{rel}","templated":true}]}}