{"id":23290,"date":"2023-02-08T15:03:12","date_gmt":"2023-02-08T18:03:12","guid":{"rendered":"https:\/\/www.esportesbrasilia.com.br\/noticias\/?p=23290"},"modified":"2023-02-08T15:05:46","modified_gmt":"2023-02-08T18:05:46","slug":"times-do-distrito-federal-conhecem-adversarios-da-copa-do-brasil-2023","status":"publish","type":"post","link":"https:\/\/www.esportesbrasilia.com.br\/noticias\/futebol\/times-do-distrito-federal-conhecem-adversarios-da-copa-do-brasil-2023.html","title":{"rendered":"Times do Distrito Federal conhecem advers\u00e1rios da Copa do Brasil 2023"},"content":{"rendered":"\n<p>Agora \u00e9 para valer. Foram sorteadas, nesta quarta-feira (08), as chaves da Copa do Brasil 2023. A maior competi\u00e7\u00e3o de clubes do pa\u00eds, que conta com 92 participantes, sendo 80 nas primeiras fases, teve as chaves sorteadas na sede da Confedera\u00e7\u00e3o Brasileira de Futebol, no Rio de Janeiro.<\/p>\n\n\n\n<p>Para esta edi\u00e7\u00e3o, o Brasiliense, treinado por Luan Carlos, foi sorteado na chave 10 e enfrentar\u00e1 o Athletic\/MG. O jacar\u00e9, por estar melhor ranqueado, come\u00e7a a disputa fora de casa, atuando no est\u00e1dio Arena Unimed, em S\u00e3o Jo\u00e3o Del Rei\/MG.<\/p>\n\n\n\n<p>Quem vencer do confronto entre Brasiliense e Athletic\/MG enfrentar\u00e1 quem passar de Sergipe\/SE e Botafogo\/RJ na segunda fase, atuando como visitante.<\/p>\n\n\n\n<figure class=\"wp-block-image size-large\"><img loading=\"lazy\" decoding=\"async\" width=\"1024\" height=\"575\" src=\"https:\/\/www.esportesbrasilia.com.br\/noticias\/wp-content\/uploads\/sorteiocopadobr_bse-1024x575.jpg\" alt=\"\" class=\"wp-image-23291\" srcset=\"https:\/\/www.esportesbrasilia.com.br\/noticias\/wp-content\/uploads\/sorteiocopadobr_bse-1024x575.jpg 1024w, https:\/\/www.esportesbrasilia.com.br\/noticias\/wp-content\/uploads\/sorteiocopadobr_bse-300x169.jpg 300w, https:\/\/www.esportesbrasilia.com.br\/noticias\/wp-content\/uploads\/sorteiocopadobr_bse-768x431.jpg 768w, https:\/\/www.esportesbrasilia.com.br\/noticias\/wp-content\/uploads\/sorteiocopadobr_bse.jpg 1280w\" sizes=\"auto, (max-width: 1024px) 100vw, 1024px\" \/><figcaption class=\"wp-element-caption\">Foto: Reprodu\u00e7\u00e3o\/CBFTV<\/figcaption><\/figure>\n\n\n\n<p>J\u00e1 o Ceil\u00e2ndia, que \u00e9 comandado por Adelson de Almeida, est\u00e1 na chave 31 e vai encarar o Santos\/SP. O Gato Preto dar\u00e1 a largada na Copa do Brasil em casa, no est\u00e1dio Abadi\u00e3o, em Ceil\u00e2ndia.<\/p>\n\n\n\n<p>J\u00e1 quem passar de Ceil\u00e2ndia e Santos\/SP encara o vencedor de Iguatu\/CE e Am\u00e9rica\/RN e atuar\u00e1 como mandante na segunda fase.<\/p>\n\n\n\n<figure class=\"wp-block-image size-large\"><img loading=\"lazy\" decoding=\"async\" width=\"1024\" height=\"576\" src=\"https:\/\/www.esportesbrasilia.com.br\/noticias\/wp-content\/uploads\/image-17-1024x576.png\" alt=\"\" class=\"wp-image-23293\" srcset=\"https:\/\/www.esportesbrasilia.com.br\/noticias\/wp-content\/uploads\/image-17-1024x576.png 1024w, https:\/\/www.esportesbrasilia.com.br\/noticias\/wp-content\/uploads\/image-17-300x169.png 300w, https:\/\/www.esportesbrasilia.com.br\/noticias\/wp-content\/uploads\/image-17-768x432.png 768w, https:\/\/www.esportesbrasilia.com.br\/noticias\/wp-content\/uploads\/image-17.png 1366w\" sizes=\"auto, (max-width: 1024px) 100vw, 1024px\" \/><figcaption class=\"wp-element-caption\">Foto: Reprodu\u00e7\u00e3o\/CBFTV<\/figcaption><\/figure>\n\n\n\n<p>Em 2022, o Ceil\u00e2ndia foi eliminado pelo Botafogo\/RJ na terceira fase da competi\u00e7\u00e3o. Na mesma fase, o Brasiliense ficou pelo caminho diante do Atl\u00e9tico\/MG.<\/p>\n\n\n\n<p>A primeira fase da Copa do Brasil 2023 come\u00e7a a ser disputada no dia 22 de fevereiro.<\/p>\n","protected":false},"excerpt":{"rendered":"<p>Agora \u00e9 para valer. Foram sorteadas, nesta quarta-feira (08), as chaves da Copa do Brasil 2023. A maior competi\u00e7\u00e3o de clubes do pa\u00eds, que conta com 92 participantes, sendo 80 nas primeiras fases, teve as chaves sorteadas na sede da Confedera\u00e7\u00e3o Brasileira de Futebol, no Rio de Janeiro. Para esta edi\u00e7\u00e3o, o Brasiliense, treinado por [&hellip;]<\/p>\n","protected":false},"author":2,"featured_media":23292,"comment_status":"closed","ping_status":"closed","sticky":false,"template":"","format":"standard","meta":{"footnotes":""},"categories":[8],"tags":[34,251,1123],"class_list":["post-23290","post","type-post","status-publish","format-standard","has-post-thumbnail","hentry","category-futebol","tag-brasiliense","tag-ceilandia-2","tag-copa-do-brasil-2023"],"_links":{"self":[{"href":"https:\/\/www.esportesbrasilia.com.br\/noticias\/wp-json\/wp\/v2\/posts\/23290","targetHints":{"allow":["GET"]}}],"collection":[{"href":"https:\/\/www.esportesbrasilia.com.br\/noticias\/wp-json\/wp\/v2\/posts"}],"about":[{"href":"https:\/\/www.esportesbrasilia.com.br\/noticias\/wp-json\/wp\/v2\/types\/post"}],"author":[{"embeddable":true,"href":"https:\/\/www.esportesbrasilia.com.br\/noticias\/wp-json\/wp\/v2\/users\/2"}],"replies":[{"embeddable":true,"href":"https:\/\/www.esportesbrasilia.com.br\/noticias\/wp-json\/wp\/v2\/comments?post=23290"}],"version-history":[{"count":2,"href":"https:\/\/www.esportesbrasilia.com.br\/noticias\/wp-json\/wp\/v2\/posts\/23290\/revisions"}],"predecessor-version":[{"id":23295,"href":"https:\/\/www.esportesbrasilia.com.br\/noticias\/wp-json\/wp\/v2\/posts\/23290\/revisions\/23295"}],"wp:featuredmedia":[{"embeddable":true,"href":"https:\/\/www.esportesbrasilia.com.br\/noticias\/wp-json\/wp\/v2\/media\/23292"}],"wp:attachment":[{"href":"https:\/\/www.esportesbrasilia.com.br\/noticias\/wp-json\/wp\/v2\/media?parent=23290"}],"wp:term":[{"taxonomy":"category","embeddable":true,"href":"https:\/\/www.esportesbrasilia.com.br\/noticias\/wp-json\/wp\/v2\/categories?post=23290"},{"taxonomy":"post_tag","embeddable":true,"href":"https:\/\/www.esportesbrasilia.com.br\/noticias\/wp-json\/wp\/v2\/tags?post=23290"}],"curies":[{"name":"wp","href":"https:\/\/api.w.org\/{rel}","templated":true}]}}