{"id":23287,"date":"2023-02-08T02:29:00","date_gmt":"2023-02-08T05:29:00","guid":{"rendered":"https:\/\/www.esportesbrasilia.com.br\/noticias\/?p=23287"},"modified":"2023-02-08T10:32:59","modified_gmt":"2023-02-08T13:32:59","slug":"para-mais-de-28-mil-pessoas-vasco-vence-nova-iguacu-no-mane-garrincha","status":"publish","type":"post","link":"https:\/\/www.esportesbrasilia.com.br\/noticias\/futebol\/para-mais-de-28-mil-pessoas-vasco-vence-nova-iguacu-no-mane-garrincha.html","title":{"rendered":"Para mais de 28 mil pessoas, Vasco vence Nova Igua\u00e7u no Man\u00e9 Garrincha"},"content":{"rendered":"\n<p><strong>Foto: Patricy Albuquerque\/Ag\u00eancia EB<\/strong><br><strong>Fonte: Ag\u00eancia de Not\u00edcias CEUB<\/strong><\/p>\n\n\n\n<p>Em jogo v\u00e1lido pela s\u00e9tima rodada do\u00a0Campeonato Carioca, o Vasco da Gama venceu o Nova Igua\u00e7u por 2&#215;0 (gols de Jair e Gabriel Pec), nesta ter\u00e7a-feira (07), no Est\u00e1dio Nacional Man\u00e9 Garrincha.<\/p>\n\n\n\n<p>O time alvinegro, que n\u00e3o visitava a capital desde 2019, briga por uma das vagas nas semifinais do Estadual.<\/p>\n\n\n\n<p>J\u00e1 a equipe de Nova Igua\u00e7u luta contra o rebaixamento no Campeonato e tem apenas uma vit\u00f3ria em\u00a0 seis jogos disputados.<\/p>\n\n\n\n<p>Recheado de contrata\u00e7\u00f5es, sete dos oito gols marcados pela equipe Cruzmaltina foram feitos pelos refor\u00e7os do Vasco da Gama para a temporada.<\/p>\n\n\n\n<p>Ap\u00f3s o retorno para a s\u00e9rie A do Campeonato Brasileiro, o time alvinegro renovou parte de seu elenco e veio a campo nesta noite com sete refor\u00e7os em campo.<\/p>\n\n\n\n<p>No entanto, o brilho dos refor\u00e7os n\u00e3o ofuscou a prata da casa, com tr\u00eas gols marcados no campeonato estadual, Gabriel Pec \u00e9 o artilheiro da equipe no carioca.\u00a0<\/p>\n\n\n\n<p><strong>O jogo<\/strong><\/p>\n\n\n\n<p>O jogo come\u00e7ou pouco movimentado e o Vasco s\u00f3 criou sua primeira grande chance aos 25 minutos em chute de Nen\u00ea de fora da \u00e1rea ap\u00f3s passe de letra de Pedro Raul.<\/p>\n\n\n\n<p>Apesar da defesa tranquila do goleiro Max, a jogada animou os vasca\u00ednos que logo ap\u00f3s esse lance criaram boas chances com seus atacantes para incomodar a defesa do Nova Igua\u00e7u.&nbsp;<\/p>\n\n\n\n<p>As melhores chances do primeiro tempo foram de Miranda em escanteios cobrados por Nen\u00ea. Primeiro aos 28 em chute defendido por Max e depois duas vezes de cabe\u00e7a nos minutos finais, que acabaram passando por cima do gol do Nova Igua\u00e7u.&nbsp;<\/p>\n\n\n\n<p>J\u00e1 aos 45, o jovem atacante Erick recebeu lindo passe de Jair em contra-ataque, mas o chute acabou saindo em cima de Max, gerando outro escanteio para o Vasco.&nbsp;<\/p>\n\n\n\n<p>O gol vasca\u00edno saiu aos 53 minutos. Ap\u00f3s lan\u00e7amento na \u00e1rea, Pedro Raul escora de cabe\u00e7a e a bola sobrou para Jair, que driblou o goleiro antes de inaugurar o placar na Capital. A jogada foi a \u00faltima do primeiro tempo, fazendo com que o Vasco levasse a vantagem de um gol para o intervalo.&nbsp;<\/p>\n\n\n\n<p>O Nova Igua\u00e7u voltou do vesti\u00e1rio com tr\u00eas mudan\u00e7as para tentar buscar o empate. Apesar das mudan\u00e7as no time da Baixada Fluminense, os cruzmaltinos continuaram pressionando e controlando o in\u00edcio da etapa final.\u00a0<\/p>\n\n\n\n<p>Aos 21 do segundo tempo, o capit\u00e3o Nen\u00ea foi substitu\u00eddo por Alex Teixeira. Ao sair, o camisa 10 passou a bra\u00e7adeira de capit\u00e3o para o zagueiro L\u00e9o, rec\u00e9m chegado no clube. Hoje no banco, Teixeira chegou ao Vasco com status de estrela, mas ainda vem tentando se firmar no time titular.&nbsp;<\/p>\n\n\n\n<p>Foi o pr\u00f3prio Alex Teixeira, rec\u00e9m substitu\u00eddo, que fez a jogada para o segundo vasca\u00edno aos 25 minutos. Ao receber passe de Jair, o camisa 7 cortou para a esquerda e cruzou rasteiro dentro da \u00e1rea, achando Gabriel Pec sozinho para ampliar o placar.&nbsp;<\/p>\n\n\n\n<p>O Nova Igua\u00e7u pressionou at\u00e9 o final em busca de um gol, mas a equipe de Maur\u00edcio Barbieri conseguiu garantir mais uma vit\u00f3ria para subir na tabela do Campeonato Carioca.<\/p>\n\n\n\n<h2 class=\"wp-block-heading\"><strong>Provoca\u00e7\u00f5es<\/strong><\/h2>\n\n\n\n<p>Na tarde desta ter\u00e7a-feira o time do Flamengo, atual campe\u00e3o da Libertadores da Am\u00e9rica, foi eliminado pelo Al Hilal em partida valendo uma vaga na final do Mundial de Clubes FIFA.&nbsp;<\/p>\n\n\n\n<p>A torcida cruzmaltina n\u00e3o deixou barato, e trouxe ao est\u00e1dio faixas e cartazes com o nome do time saudita escrito. Aos gritos de \u201celiminados\u201d, o torcedor vasca\u00edno comemorou a derrota do rival rubro-negro.<\/p>\n\n\n\n<h2 class=\"wp-block-heading\"><strong>Homenagem a Roberto Dinamite<\/strong><\/h2>\n\n\n\n<p>Antes do jogo, foi realizado um minuto de sil\u00eancio em homenagem ao \u00eddolo vasca\u00edno Roberto Dinamite, que faleceu no in\u00edcio de janeiro, e \u00e0s v\u00edtimas do terremoto na Turquia que ocorreu neste fim de semana. O pontap\u00e9 inicial da partida foi realizado por Rodrigo Dinamite, filho do jogador.&nbsp;<\/p>\n\n\n\n<p>Maior artilheiro da hist\u00f3ria do Vasco, Dinamite vem recebendo diversas homenagens do clube desde sua morte no dia 8 de Janeiro.<\/p>\n\n\n\n<h2 class=\"wp-block-heading\"><strong>Pr\u00f3ximos confrontos<\/strong><\/h2>\n\n\n\n<p>Ap\u00f3s a boa partida, o Vasco da Gama retorna ao Rio de janeiro para enfrentar o Fluminense, em confronto direto por uma vaga na semifinal do Campeonato Carioca. O cl\u00e1ssico ocorrer\u00e1 no pr\u00f3ximo domingo (12\/02), no Maracan\u00e3.&nbsp;<\/p>\n\n\n\n<p>J\u00e1 o Nova Igua\u00e7u retoma a luta contra o rebaixamento em jogo contra a Portuguesa-RJ, na tarde do pr\u00f3ximo s\u00e1bado (11\/02), no Est\u00e1dio J\u00e2nio Moraes.<\/p>\n","protected":false},"excerpt":{"rendered":"<p>Foto: Patricy Albuquerque\/Ag\u00eancia EBFonte: Ag\u00eancia de Not\u00edcias CEUB Em jogo v\u00e1lido pela s\u00e9tima rodada do\u00a0Campeonato Carioca, o Vasco da Gama venceu o Nova Igua\u00e7u por 2&#215;0 (gols de Jair e Gabriel Pec), nesta ter\u00e7a-feira (07), no Est\u00e1dio Nacional Man\u00e9 Garrincha. O time alvinegro, que n\u00e3o visitava a capital desde 2019, briga por uma das vagas [&hellip;]<\/p>\n","protected":false},"author":1,"featured_media":23288,"comment_status":"closed","ping_status":"closed","sticky":false,"template":"","format":"standard","meta":{"footnotes":""},"categories":[8],"tags":[],"class_list":["post-23287","post","type-post","status-publish","format-standard","has-post-thumbnail","hentry","category-futebol"],"_links":{"self":[{"href":"https:\/\/www.esportesbrasilia.com.br\/noticias\/wp-json\/wp\/v2\/posts\/23287","targetHints":{"allow":["GET"]}}],"collection":[{"href":"https:\/\/www.esportesbrasilia.com.br\/noticias\/wp-json\/wp\/v2\/posts"}],"about":[{"href":"https:\/\/www.esportesbrasilia.com.br\/noticias\/wp-json\/wp\/v2\/types\/post"}],"author":[{"embeddable":true,"href":"https:\/\/www.esportesbrasilia.com.br\/noticias\/wp-json\/wp\/v2\/users\/1"}],"replies":[{"embeddable":true,"href":"https:\/\/www.esportesbrasilia.com.br\/noticias\/wp-json\/wp\/v2\/comments?post=23287"}],"version-history":[{"count":1,"href":"https:\/\/www.esportesbrasilia.com.br\/noticias\/wp-json\/wp\/v2\/posts\/23287\/revisions"}],"predecessor-version":[{"id":23289,"href":"https:\/\/www.esportesbrasilia.com.br\/noticias\/wp-json\/wp\/v2\/posts\/23287\/revisions\/23289"}],"wp:featuredmedia":[{"embeddable":true,"href":"https:\/\/www.esportesbrasilia.com.br\/noticias\/wp-json\/wp\/v2\/media\/23288"}],"wp:attachment":[{"href":"https:\/\/www.esportesbrasilia.com.br\/noticias\/wp-json\/wp\/v2\/media?parent=23287"}],"wp:term":[{"taxonomy":"category","embeddable":true,"href":"https:\/\/www.esportesbrasilia.com.br\/noticias\/wp-json\/wp\/v2\/categories?post=23287"},{"taxonomy":"post_tag","embeddable":true,"href":"https:\/\/www.esportesbrasilia.com.br\/noticias\/wp-json\/wp\/v2\/tags?post=23287"}],"curies":[{"name":"wp","href":"https:\/\/api.w.org\/{rel}","templated":true}]}}