{"id":23245,"date":"2023-02-04T00:47:31","date_gmt":"2023-02-04T03:47:31","guid":{"rendered":"https:\/\/www.esportesbrasilia.com.br\/noticias\/?p=23245"},"modified":"2023-02-04T00:48:29","modified_gmt":"2023-02-04T03:48:29","slug":"fora-de-casa-gama-vence-brasiliense-no-primeiro-classico-de-2023","status":"publish","type":"post","link":"https:\/\/www.esportesbrasilia.com.br\/noticias\/futebol\/fora-de-casa-gama-vence-brasiliense-no-primeiro-classico-de-2023.html","title":{"rendered":"Fora de casa, Gama vence Brasiliense no primeiro cl\u00e1ssico de 2023"},"content":{"rendered":"\n<p><strong>Foto: Fernando Godoy\/Ag\u00eancia EB<\/strong><\/p>\n\n\n\n<p>A sexta-feira (03) foi marcada pelo cl\u00e1ssico de n\u00famero 73 entre Brasiliense e Gama. Jogando no est\u00e1dio Serej\u00e3o, em Taguatinga, em um hor\u00e1rio que h\u00e1 muito tempo n\u00e3o acontecia (sexta-feira \u00e0 noite), o alviverde surpreendeu e venceu o Jacar\u00e9 por 2&#215;1.<\/p>\n\n\n\n<p>Aos 26 minutos do primeiro tempo, ap\u00f3s cobran\u00e7a de escanteio pela direita por Vitor Xavier, a bola vai na medida para Emerson subir no terceiro andar e, sem marca\u00e7\u00e3o, testar firme pro fundo da rede, abrindo o placar.<\/p>\n\n\n\n<p>J\u00e1 aos 41 minutos do segundo tempo, Julio Lima cobran\u00e7a falta pela esquerda e a bola chega at\u00e9 Rafael, que subiu mais que a defesa amarela, e cabeceia pro gol, vencendo o goleiro Artur e anotando o segundo do Gama.<\/p>\n\n\n\n<figure class=\"wp-block-image size-large\"><img loading=\"lazy\" decoding=\"async\" width=\"1024\" height=\"570\" src=\"https:\/\/www.esportesbrasilia.com.br\/noticias\/wp-content\/uploads\/brasiliensexgama_fg_2-1024x570.jpg\" alt=\"\" class=\"wp-image-23246\" srcset=\"https:\/\/www.esportesbrasilia.com.br\/noticias\/wp-content\/uploads\/brasiliensexgama_fg_2-1024x570.jpg 1024w, https:\/\/www.esportesbrasilia.com.br\/noticias\/wp-content\/uploads\/brasiliensexgama_fg_2-300x167.jpg 300w, https:\/\/www.esportesbrasilia.com.br\/noticias\/wp-content\/uploads\/brasiliensexgama_fg_2-768x427.jpg 768w, https:\/\/www.esportesbrasilia.com.br\/noticias\/wp-content\/uploads\/brasiliensexgama_fg_2-1536x854.jpg 1536w, https:\/\/www.esportesbrasilia.com.br\/noticias\/wp-content\/uploads\/brasiliensexgama_fg_2.jpg 1600w\" sizes=\"auto, (max-width: 1024px) 100vw, 1024px\" \/><figcaption class=\"wp-element-caption\">Rafael testa firme e anota o segundo gol do Gama na reta final do segundo tempo &#8211; Foto: Fernando Godoy\/Ag\u00eancia EB<\/figcaption><\/figure>\n\n\n\n<p>Nos acr\u00e9scimos do segundo tempo, aos 53 minutos, veio o desconto do Brasiliense. Yuri Mamute recebe um passe pela querda, avan\u00e7a e solta uma bomba, no \u00e2ngulo do goleiro Ravel, marcando um gola\u00e7o no Serej\u00e3o. Mas j\u00e1 era tarde demais. Vit\u00f3ria do Gama por 2&#215;1 e lideran\u00e7a moment\u00e2nea do Candang\u00e3o 2023.<\/p>\n\n\n\n<p>Na pr\u00f3xima rodada, o Gama recebe o Real Bras\u00edlia no est\u00e1dio Ciro Machado, na Vila Planalto. J\u00e1 o Brasiliense visita o Capital, no est\u00e1dio JK, no Parano\u00e1. Os dois jogos acontecem na pr\u00f3xima quarta-feira (08).<\/p>\n","protected":false},"excerpt":{"rendered":"<p>Foto: Fernando Godoy\/Ag\u00eancia EB A sexta-feira (03) foi marcada pelo cl\u00e1ssico de n\u00famero 73 entre Brasiliense e Gama. Jogando no est\u00e1dio Serej\u00e3o, em Taguatinga, em um hor\u00e1rio que h\u00e1 muito tempo n\u00e3o acontecia (sexta-feira \u00e0 noite), o alviverde surpreendeu e venceu o Jacar\u00e9 por 2&#215;1. Aos 26 minutos do primeiro tempo, ap\u00f3s cobran\u00e7a de escanteio [&hellip;]<\/p>\n","protected":false},"author":2,"featured_media":23247,"comment_status":"closed","ping_status":"closed","sticky":false,"template":"","format":"standard","meta":{"footnotes":""},"categories":[8],"tags":[],"class_list":["post-23245","post","type-post","status-publish","format-standard","has-post-thumbnail","hentry","category-futebol"],"_links":{"self":[{"href":"https:\/\/www.esportesbrasilia.com.br\/noticias\/wp-json\/wp\/v2\/posts\/23245","targetHints":{"allow":["GET"]}}],"collection":[{"href":"https:\/\/www.esportesbrasilia.com.br\/noticias\/wp-json\/wp\/v2\/posts"}],"about":[{"href":"https:\/\/www.esportesbrasilia.com.br\/noticias\/wp-json\/wp\/v2\/types\/post"}],"author":[{"embeddable":true,"href":"https:\/\/www.esportesbrasilia.com.br\/noticias\/wp-json\/wp\/v2\/users\/2"}],"replies":[{"embeddable":true,"href":"https:\/\/www.esportesbrasilia.com.br\/noticias\/wp-json\/wp\/v2\/comments?post=23245"}],"version-history":[{"count":2,"href":"https:\/\/www.esportesbrasilia.com.br\/noticias\/wp-json\/wp\/v2\/posts\/23245\/revisions"}],"predecessor-version":[{"id":23249,"href":"https:\/\/www.esportesbrasilia.com.br\/noticias\/wp-json\/wp\/v2\/posts\/23245\/revisions\/23249"}],"wp:featuredmedia":[{"embeddable":true,"href":"https:\/\/www.esportesbrasilia.com.br\/noticias\/wp-json\/wp\/v2\/media\/23247"}],"wp:attachment":[{"href":"https:\/\/www.esportesbrasilia.com.br\/noticias\/wp-json\/wp\/v2\/media?parent=23245"}],"wp:term":[{"taxonomy":"category","embeddable":true,"href":"https:\/\/www.esportesbrasilia.com.br\/noticias\/wp-json\/wp\/v2\/categories?post=23245"},{"taxonomy":"post_tag","embeddable":true,"href":"https:\/\/www.esportesbrasilia.com.br\/noticias\/wp-json\/wp\/v2\/tags?post=23245"}],"curies":[{"name":"wp","href":"https:\/\/api.w.org\/{rel}","templated":true}]}}