{"id":23220,"date":"2023-01-31T21:59:42","date_gmt":"2023-02-01T00:59:42","guid":{"rendered":"https:\/\/www.esportesbrasilia.com.br\/noticias\/?p=23220"},"modified":"2023-01-31T21:59:42","modified_gmt":"2023-02-01T00:59:42","slug":"cbf-redefine-valores-de-premiacao-da-copa-do-brasil-2023","status":"publish","type":"post","link":"https:\/\/www.esportesbrasilia.com.br\/noticias\/futebol\/cbf-redefine-valores-de-premiacao-da-copa-do-brasil-2023.html","title":{"rendered":"CBF redefine valores de premia\u00e7\u00e3o da Copa do Brasil 2023"},"content":{"rendered":"\n<p>A Confedera\u00e7\u00e3o Brasileira de Futebol divulgou um of\u00edcio, nesta ter\u00e7a-feira (31), aos presidentes de federa\u00e7\u00f5es associadas \u00e0 entidade, informando a nova premia\u00e7\u00e3o para a Copa do Brasil 2023.<\/p>\n\n\n\n<p>Brasiliense e Ceil\u00e2ndia, representantes do Distrito Federal na edi\u00e7\u00e3o deste ano, foram alocados no grupo 3, que engloba participantes das s\u00e9ries C, D e outros clubes.<\/p>\n\n\n\n<p>Na primeira fase, quem avan\u00e7ar embolsa R$ 750 mil. J\u00e1 na segunda fase, a premia\u00e7\u00e3o \u00e9 de R$ 900 mil. Confira a tabela completa de pr\u00eamios:<\/p>\n\n\n\n<figure class=\"wp-block-table is-style-stripes\"><table><tbody><tr><td><strong>Fase de disputa<\/strong><\/td><td><strong>Pr\u00eamio<\/strong><\/td><\/tr><tr><td>1\u00aa Fase<\/td><td>R$ 750.000,00<\/td><\/tr><tr><td>2\u00aa Fase<\/td><td>R$ 900.000,00<\/td><\/tr><tr><td>3\u00aa Fase (entrada dos times da Libertadores, Copa do NE, Copa Verde e S\u00e9rie B 2022)<\/td><td>R$ 2.100.000,00<\/td><\/tr><tr><td>Oitavas de Final<\/td><td>R$ 3.300.000,00<\/td><\/tr><tr><td>Quartas de Final<\/td><td>R$ 4.300.000,00<\/td><\/tr><tr><td>Semifinal<\/td><td>R$ 9.000.000,00<\/td><\/tr><tr><td>Final<\/td><td>R$ 30.000.000,00 (vice-campe\u00e3o)<br>R$ 70.000.000,00 (campe\u00e3o)<\/td><\/tr><\/tbody><\/table><\/figure>\n\n\n\n<p>Quem est\u00e1 no grupo 1, onde est\u00e3o as equipes que disputam o Campeonato Brasileiro, recebe R$ 1,4 milh\u00e3o na primeira fase e R$ 1,7 milh\u00e3o na segunda fase.<\/p>\n\n\n\n<p>J\u00e1 quem est\u00e1 no grupo 2, formado por times que participam da S\u00e9rie B do Brasileir\u00e3o, pode receber R$ 1,25 milh\u00e3o na primeira fase e R$ 1,4 milh\u00e3o na segunda fase. A partir da terceira fase, os dois grupos se igualam em valores com o grupo 3 at\u00e9 a grande final.<\/p>\n","protected":false},"excerpt":{"rendered":"<p>A Confedera\u00e7\u00e3o Brasileira de Futebol divulgou um of\u00edcio, nesta ter\u00e7a-feira (31), aos presidentes de federa\u00e7\u00f5es associadas \u00e0 entidade, informando a nova premia\u00e7\u00e3o para a Copa do Brasil 2023. Brasiliense e Ceil\u00e2ndia, representantes do Distrito Federal na edi\u00e7\u00e3o deste ano, foram alocados no grupo 3, que engloba participantes das s\u00e9ries C, D e outros clubes. Na [&hellip;]<\/p>\n","protected":false},"author":2,"featured_media":18757,"comment_status":"closed","ping_status":"closed","sticky":false,"template":"","format":"standard","meta":{"footnotes":""},"categories":[8],"tags":[34,251,1123],"class_list":["post-23220","post","type-post","status-publish","format-standard","has-post-thumbnail","hentry","category-futebol","tag-brasiliense","tag-ceilandia-2","tag-copa-do-brasil-2023"],"_links":{"self":[{"href":"https:\/\/www.esportesbrasilia.com.br\/noticias\/wp-json\/wp\/v2\/posts\/23220","targetHints":{"allow":["GET"]}}],"collection":[{"href":"https:\/\/www.esportesbrasilia.com.br\/noticias\/wp-json\/wp\/v2\/posts"}],"about":[{"href":"https:\/\/www.esportesbrasilia.com.br\/noticias\/wp-json\/wp\/v2\/types\/post"}],"author":[{"embeddable":true,"href":"https:\/\/www.esportesbrasilia.com.br\/noticias\/wp-json\/wp\/v2\/users\/2"}],"replies":[{"embeddable":true,"href":"https:\/\/www.esportesbrasilia.com.br\/noticias\/wp-json\/wp\/v2\/comments?post=23220"}],"version-history":[{"count":1,"href":"https:\/\/www.esportesbrasilia.com.br\/noticias\/wp-json\/wp\/v2\/posts\/23220\/revisions"}],"predecessor-version":[{"id":23221,"href":"https:\/\/www.esportesbrasilia.com.br\/noticias\/wp-json\/wp\/v2\/posts\/23220\/revisions\/23221"}],"wp:featuredmedia":[{"embeddable":true,"href":"https:\/\/www.esportesbrasilia.com.br\/noticias\/wp-json\/wp\/v2\/media\/18757"}],"wp:attachment":[{"href":"https:\/\/www.esportesbrasilia.com.br\/noticias\/wp-json\/wp\/v2\/media?parent=23220"}],"wp:term":[{"taxonomy":"category","embeddable":true,"href":"https:\/\/www.esportesbrasilia.com.br\/noticias\/wp-json\/wp\/v2\/categories?post=23220"},{"taxonomy":"post_tag","embeddable":true,"href":"https:\/\/www.esportesbrasilia.com.br\/noticias\/wp-json\/wp\/v2\/tags?post=23220"}],"curies":[{"name":"wp","href":"https:\/\/api.w.org\/{rel}","templated":true}]}}