{"id":23106,"date":"2023-01-17T22:27:59","date_gmt":"2023-01-18T01:27:59","guid":{"rendered":"https:\/\/www.esportesbrasilia.com.br\/noticias\/?p=23106"},"modified":"2023-01-17T22:28:00","modified_gmt":"2023-01-18T01:28:00","slug":"depois-da-taca-guanabara-campeonato-mineiro-desembarca-com-classico-no-df","status":"publish","type":"post","link":"https:\/\/www.esportesbrasilia.com.br\/noticias\/futebol\/depois-da-taca-guanabara-campeonato-mineiro-desembarca-com-classico-no-df.html","title":{"rendered":"Depois da Ta\u00e7a Guanabara, Campeonato Mineiro desembarca com cl\u00e1ssico no DF"},"content":{"rendered":"\n<p>O torcedor candango est\u00e1 acostumado a acompanhar partidas de times cariocas e paulistas aqui na capital federal. Nos \u00faltimos anos, desde a constru\u00e7\u00e3o do novo Est\u00e1dio Nacional Man\u00e9 Garrincha, Flamengo, Corinthians e outros clubes do eixo Rio-S\u00e3o Paulo trazem sempre jogos para o Distrito Federal.<\/p>\n\n\n\n<p>Tanto que, no pr\u00f3ximo dia 05 de fevereiro, o Boavista vai receber o Botafogo no maior palco do futebol candango. Agora, ser\u00e1 a vez dos torcedores dos times mineiros presenciarem partidas no &#8220;velho novo&#8221; Man\u00e9.<\/p>\n\n\n\n<p>A Federa\u00e7\u00e3o Mineira de Futebol confirmou, nesta ter\u00e7a-feira (17), que o cl\u00e1ssico entre Am\u00e9rica Mineiro e Cruzeiro ser\u00e1 disputado no est\u00e1dio Nacional Man\u00e9 Garrincha. A partida acontece no dia 04 de fevereiro, \u00e0s 16h30, v\u00e1lida pela terceira rodada do certame mineiro.<\/p>\n\n\n\n<p>O acerto foi feito ap\u00f3s o <a href=\"https:\/\/www.esportesbrasilia.com.br\/noticias\/futebol\/partida-do-cariocao-2023-na-capital-federal-vai-para-domingo.html\" data-type=\"post\" data-id=\"23098\">Boavista levar a partida contra a estrela solit\u00e1ria carioca para o domingo, dia 05<\/a>, deixando vago o est\u00e1dio no dia 04.<\/p>\n\n\n\n<p>O Campeonato Mineiro come\u00e7a neste s\u00e1bado (21). Esta ser\u00e1 a primeira vez que Am\u00e9rica e Cruzeiro se enfrentar\u00e3o aqui em Bras\u00edlia. O time celeste mineiro j\u00e1 jogou por duas vezes na capital federal: contra Athl\u00e9tico\/PR e Chapecoense\/SC.<\/p>\n","protected":false},"excerpt":{"rendered":"<p>O torcedor candango est\u00e1 acostumado a acompanhar partidas de times cariocas e paulistas aqui na capital federal. Nos \u00faltimos anos, desde a constru\u00e7\u00e3o do novo Est\u00e1dio Nacional Man\u00e9 Garrincha, Flamengo, Corinthians e outros clubes do eixo Rio-S\u00e3o Paulo trazem sempre jogos para o Distrito Federal. Tanto que, no pr\u00f3ximo dia 05 de fevereiro, o Boavista [&hellip;]<\/p>\n","protected":false},"author":2,"featured_media":23107,"comment_status":"closed","ping_status":"closed","sticky":false,"template":"","format":"standard","meta":{"footnotes":""},"categories":[8],"tags":[],"class_list":["post-23106","post","type-post","status-publish","format-standard","has-post-thumbnail","hentry","category-futebol"],"_links":{"self":[{"href":"https:\/\/www.esportesbrasilia.com.br\/noticias\/wp-json\/wp\/v2\/posts\/23106","targetHints":{"allow":["GET"]}}],"collection":[{"href":"https:\/\/www.esportesbrasilia.com.br\/noticias\/wp-json\/wp\/v2\/posts"}],"about":[{"href":"https:\/\/www.esportesbrasilia.com.br\/noticias\/wp-json\/wp\/v2\/types\/post"}],"author":[{"embeddable":true,"href":"https:\/\/www.esportesbrasilia.com.br\/noticias\/wp-json\/wp\/v2\/users\/2"}],"replies":[{"embeddable":true,"href":"https:\/\/www.esportesbrasilia.com.br\/noticias\/wp-json\/wp\/v2\/comments?post=23106"}],"version-history":[{"count":1,"href":"https:\/\/www.esportesbrasilia.com.br\/noticias\/wp-json\/wp\/v2\/posts\/23106\/revisions"}],"predecessor-version":[{"id":23108,"href":"https:\/\/www.esportesbrasilia.com.br\/noticias\/wp-json\/wp\/v2\/posts\/23106\/revisions\/23108"}],"wp:featuredmedia":[{"embeddable":true,"href":"https:\/\/www.esportesbrasilia.com.br\/noticias\/wp-json\/wp\/v2\/media\/23107"}],"wp:attachment":[{"href":"https:\/\/www.esportesbrasilia.com.br\/noticias\/wp-json\/wp\/v2\/media?parent=23106"}],"wp:term":[{"taxonomy":"category","embeddable":true,"href":"https:\/\/www.esportesbrasilia.com.br\/noticias\/wp-json\/wp\/v2\/categories?post=23106"},{"taxonomy":"post_tag","embeddable":true,"href":"https:\/\/www.esportesbrasilia.com.br\/noticias\/wp-json\/wp\/v2\/tags?post=23106"}],"curies":[{"name":"wp","href":"https:\/\/api.w.org\/{rel}","templated":true}]}}