{"id":22988,"date":"2023-01-01T21:20:28","date_gmt":"2023-01-02T00:20:28","guid":{"rendered":"https:\/\/www.esportesbrasilia.com.br\/noticias\/?p=22988"},"modified":"2023-01-01T21:20:28","modified_gmt":"2023-01-02T00:20:28","slug":"ricardo-oliveira-e-anunciado-como-reforco-do-brasilia-para-o-candangao-2023","status":"publish","type":"post","link":"https:\/\/www.esportesbrasilia.com.br\/noticias\/futebol\/ricardo-oliveira-e-anunciado-como-reforco-do-brasilia-para-o-candangao-2023.html","title":{"rendered":"Ricardo Oliveira \u00e9 anunciado como refor\u00e7o do Bras\u00edlia para o Candang\u00e3o 2023"},"content":{"rendered":"\n<p>Foto: Fernanda Trindade\/Athletic Club<\/p>\n\n\n\n<p>O torcedor do Bras\u00edlia ganhou um present\u00e3o de ano novo. Na tarde deste domingo (01), a diretoria do colorado confirmou que o atacante Ricardo Oliveira, de 42 anos, \u00e9 o novo refor\u00e7o do time para o Candang\u00e3o 2023.<\/p>\n\n\n\n<p>Ricardo atuou em 2022 pelo Athletic\/MG, time da primeira divis\u00e3o mineira, em nove partidas e anotou um gol na temporada. Agora, vem para o Bras\u00edlia para as disputas do torneio local.<\/p>\n\n\n\n<p>&#8220;Eu estou fechado com o Bras\u00edlia. Estou muito feliz, e entusiasmado para esse novo desafio. Conto com a torcida de voc\u00eas&#8221;, disse Ricardo, por meio das redes sociais do Colorado.<\/p>\n\n\n\n<p>O Bras\u00edlia estreia no Candang\u00e3o 2023 no dia 29 de janeiro, frente ao Real Bras\u00edlia, no est\u00e1dio Nacional Man\u00e9 Garrincha.<\/p>\n","protected":false},"excerpt":{"rendered":"<p>Foto: Fernanda Trindade\/Athletic Club O torcedor do Bras\u00edlia ganhou um present\u00e3o de ano novo. Na tarde deste domingo (01), a diretoria do colorado confirmou que o atacante Ricardo Oliveira, de 42 anos, \u00e9 o novo refor\u00e7o do time para o Candang\u00e3o 2023. Ricardo atuou em 2022 pelo Athletic\/MG, time da primeira divis\u00e3o mineira, em nove [&hellip;]<\/p>\n","protected":false},"author":2,"featured_media":22989,"comment_status":"closed","ping_status":"closed","sticky":false,"template":"","format":"standard","meta":{"footnotes":""},"categories":[8],"tags":[797,1096],"class_list":["post-22988","post","type-post","status-publish","format-standard","has-post-thumbnail","hentry","category-futebol","tag-brasilia-2","tag-candangao-2023-2"],"_links":{"self":[{"href":"https:\/\/www.esportesbrasilia.com.br\/noticias\/wp-json\/wp\/v2\/posts\/22988","targetHints":{"allow":["GET"]}}],"collection":[{"href":"https:\/\/www.esportesbrasilia.com.br\/noticias\/wp-json\/wp\/v2\/posts"}],"about":[{"href":"https:\/\/www.esportesbrasilia.com.br\/noticias\/wp-json\/wp\/v2\/types\/post"}],"author":[{"embeddable":true,"href":"https:\/\/www.esportesbrasilia.com.br\/noticias\/wp-json\/wp\/v2\/users\/2"}],"replies":[{"embeddable":true,"href":"https:\/\/www.esportesbrasilia.com.br\/noticias\/wp-json\/wp\/v2\/comments?post=22988"}],"version-history":[{"count":1,"href":"https:\/\/www.esportesbrasilia.com.br\/noticias\/wp-json\/wp\/v2\/posts\/22988\/revisions"}],"predecessor-version":[{"id":22990,"href":"https:\/\/www.esportesbrasilia.com.br\/noticias\/wp-json\/wp\/v2\/posts\/22988\/revisions\/22990"}],"wp:featuredmedia":[{"embeddable":true,"href":"https:\/\/www.esportesbrasilia.com.br\/noticias\/wp-json\/wp\/v2\/media\/22989"}],"wp:attachment":[{"href":"https:\/\/www.esportesbrasilia.com.br\/noticias\/wp-json\/wp\/v2\/media?parent=22988"}],"wp:term":[{"taxonomy":"category","embeddable":true,"href":"https:\/\/www.esportesbrasilia.com.br\/noticias\/wp-json\/wp\/v2\/categories?post=22988"},{"taxonomy":"post_tag","embeddable":true,"href":"https:\/\/www.esportesbrasilia.com.br\/noticias\/wp-json\/wp\/v2\/tags?post=22988"}],"curies":[{"name":"wp","href":"https:\/\/api.w.org\/{rel}","templated":true}]}}