{"id":22975,"date":"2022-12-29T23:08:49","date_gmt":"2022-12-30T02:08:49","guid":{"rendered":"https:\/\/www.esportesbrasilia.com.br\/noticias\/?p=22975"},"modified":"2022-12-30T00:42:44","modified_gmt":"2022-12-30T03:42:44","slug":"o-adeus-do-rei-conheca-historias-de-pele-na-capital-federal","status":"publish","type":"post","link":"https:\/\/www.esportesbrasilia.com.br\/noticias\/futebol\/o-adeus-do-rei-conheca-historias-de-pele-na-capital-federal.html","title":{"rendered":"O adeus do Rei: Conhe\u00e7a hist\u00f3rias de Pel\u00e9 na capital federal"},"content":{"rendered":"\n<p>Texto: Jorge Agle e Monique Del Rosso<br>Foto: Arquivo P\u00fablico do Distrito Federal<\/p>\n\n\n\n<p>O homem que marcou uma na\u00e7\u00e3o, uniu pessoas atrav\u00e9s de sua arte, o Atleta do S\u00e9culo; Pel\u00e9 deixou o futebol e o mundo nesta quinta-feira (29), com a miss\u00e3o cumprida de elevar o n\u00edvel do futebol mundial. Durante os 82 anos de vida, o Rei foi protagonista em tr\u00eas gramados de Bras\u00edlia.<\/p>\n\n\n\n<p>Em 1966, recebeu uma homenagem, um est\u00e1dio com o seu nome, o \u201cPelez\u00e3o\u201d. Contudo, foi somente um ano depois que o craque do Santos atuou no local. Hoje, o est\u00e1dio n\u00e3o existe mais, \u00e9 ocupado pelo chamado Park Sul.<\/p>\n\n\n\n<p>J\u00e1 em 2008, esteve presente na inaugura\u00e7\u00e3o do novo Bezerr\u00e3o, dando o pontap\u00e9 inicial na partida amistosa entre Brasil e Portugal, vencida pela sele\u00e7\u00e3o canarinha por 6&#215;2.<\/p>\n\n\n\n<p>O ex-vice-presidente da CBF pela regi\u00e3o Centro-Oeste, Weber Magalh\u00e3es, esteve com o Rei em determinadas oportunidades. \u201cTive algumas vezes at\u00e9 antes com ele. Uma pessoa altamente simp\u00e1tica, humilde, acess\u00edvel com todo mundo, um cara com paci\u00eancia total. Tivemos alguns eventos juntos, nos falamos poucas vezes, tivemos mais juntos nessa reinaugura\u00e7\u00e3o da casa dele em Tr\u00eas Cora\u00e7\u00f5es\/MG, quando passamos l\u00e1\u201d, comenta.<\/p>\n\n\n\n<p>O tamb\u00e9m ex-dirigente do Gama ressalta a relev\u00e2ncia do craque. \u201cO legado que Pel\u00e9 deixa no futebol \u00e9 o que ele fez pelo futebol\u201d, diz. Para Weber, muito da import\u00e2ncia dele na modalidade se deu pela garra. \u201cPela sua postura, pela sua desenvoltura, seu profissionalismo em campo, pela sua luta, pelas suas conquistas e, realmente, uma pessoa exemplar\u201d, fala.<\/p>\n\n\n\n<p>\u201cEle era sensacional, jogou a vida toda no Santos e terminou no auge. Em 74, ele sabia que n\u00e3o poderia render o que rendeu em 70. Foi pro Cosmos, foi um sucesso nos Estados Unidos. Ent\u00e3o, o Pel\u00e9 \u00e9 uma lenda, \u00e9 eterno. O mundo, hoje, se curvou \u00e0 morte de Pel\u00e9. Pel\u00e9 \u00e9 um s\u00edmbolo mundial, \u00e9 o rei\u201d, afirma Weber.<\/p>\n\n\n\n<p><strong>Rela\u00e7\u00e3o com os est\u00e1dios brasilienses<\/strong><\/p>\n\n\n\n<p>Em Bras\u00edlia, apesar de breve, a passagem de Pel\u00e9 foi marcante para os f\u00e3s do futebol da capital. \u201cA vinda do Pel\u00e9 para a inaugura\u00e7\u00e3o do Bezerr\u00e3o (em 2008) foi uma homenagem a ele. Foi uma homenagem muito maior para a pr\u00f3pria cidade\u201d, analisa Allan Barbosa, narrador da <strong>Esportes Bras\u00edlia<\/strong>.<\/p>\n\n\n\n<p>No jogo entre Brasil e Portugal, Allan, que transmitiu aquele confronto pela ent\u00e3o R\u00e1dio Bandeirantes Bras\u00edlia, diz como foi a experi\u00eancia de ver o atleta: \u201cO Pel\u00e9 esteve aqui na cidade do Gama, foi um momento \u00edmpar para n\u00f3s moradores do Gama. As pessoas viram aquela refer\u00eancia que \u00e9 o Pel\u00e9 dentro da cidade. \u00c9 inimagin\u00e1vel pensar que o Pel\u00e9 estaria ali. Ent\u00e3o, tanto n\u00f3s da imprensa, quanto os pr\u00f3prios torcedores sentiram muita emo\u00e7\u00e3o por aquele momento de sentir a cidade valorizada, sentir o nosso est\u00e1dio valorizado com a presen\u00e7a do Rei Pel\u00e9\u201d, conclui.<\/p>\n\n\n\n<p>Entretanto, n\u00e3o foi a primeira vez que Pel\u00e9 esteve em est\u00e1dios candangos. Em 1967, o Santos enfrentou a Sele\u00e7\u00e3o de Bras\u00edlia, no Est\u00e1dio Pelez\u00e3o. Apesar de ser inaugurado em 1966, foi a primeira partida onde o craque esteve presente no local.<\/p>\n\n\n\n<p>Mesmo torcendo para a equipe rival de Pel\u00e9, o torcedor Jo\u00e3o Carmo, que viu o confronto \u00e0 \u00e9poca, diz que o \u201cRei do futebol\u201d foi bem recebido pela capital do Pa\u00eds e at\u00e9 lotou o est\u00e1dio. \u201cEu j\u00e1 conhecia o Pel\u00e9, mas ver o Pel\u00e9, assim, pessoalmente jogando, foi a primeira vez que eu o vi. A cidade, em termos de futebol, estava em festa. Foi muito bom, uma coisa espetacular. O antigo &#8216;Pelez\u00e3o&#8217; lotado. S\u00f3 tinha uma arquibancada naquele tempo, mas a beirada do campo tava cheia. Foi \u00f3timo\u201d, recorda.<\/p>\n\n\n\n<p>Jo\u00e3o ainda relembrou uma passagem com o Rei Pel\u00e9 durante aquele duelo. \u201cFoi uma coisa que me marcou muito. Eu havia feito a retirada de uma unha, eu tava com o p\u00e9 todo enfaixado e, quando eu vi, em determinado per\u00edodo do jogo l\u00e1, eu vi que tinha um jogador do Santos aquecendo. Eu n\u00e3o me recordo qual o nome dele. E eu senti que o Pel\u00e9 ia sair naquele momento. A\u00ed eu sai, com dificuldade, andando, e fui saindo no meio ali e tinha um alambrado que dividia os torcedores e, no fundo da arquibancada, os vesti\u00e1rios\u201d, conta<\/p>\n\n\n\n<p>Ap\u00f3s chegar perto do craque, o torcedor pediu um aut\u00f3grafo e viu Pel\u00e9 ainda oferecer um \u2018favor\u2019 a ele. \u201cEle falou comigo, &#8216;Voc\u00ea quer das outras pessoas que t\u00e3o dentro do vesti\u00e1rios?&#8217; e eu falei \u2018Quero\u2019. Ele foi l\u00e1, pegou [a assinatura] do presidente do Santos, Jorge Cury, Lima, Meng\u00e1lvio e outros jogadores. Pra mim, foi um ato de muita humildade que eu vi do Pel\u00e9, que, hoje, a gente v\u00ea qualquer jogadorzinho, a gente fala qualquer coisa com eles e eles n\u00e3o d\u00e3o nem \u2018pelota\u2019 pro<br>torcedor. E ele n\u00e3o. Al\u00e9m de me dar o aut\u00f3grafo, ainda perguntou se eu queria o aut\u00f3grafo de outras pessoas. Foi l\u00e1, pegou e me entregou sorrindo. Isso me marcou&nbsp;muito\u201d,&nbsp;contou.<\/p>\n\n\n\n<p>Al\u00e9m do jogo no Pelez\u00e3o, em 25 de maio de 1967, onde marcou um gol, e da partida no Bezerr\u00e3o, em 2008, onde deu o pontap\u00e9 inicial, Pel\u00e9 tamb\u00e9m marcou outro gol em territ\u00f3rio candango: foi em 20 de mar\u00e7o de 1974, quando o Santos venceu o CEUB por 3&#215;1, no est\u00e1dio Nacional Man\u00e9 Garrincha.<\/p>\n","protected":false},"excerpt":{"rendered":"<p>Texto: Jorge Agle e Monique Del RossoFoto: Arquivo P\u00fablico do Distrito Federal O homem que marcou uma na\u00e7\u00e3o, uniu pessoas atrav\u00e9s de sua arte, o Atleta do S\u00e9culo; Pel\u00e9 deixou o futebol e o mundo nesta quinta-feira (29), com a miss\u00e3o cumprida de elevar o n\u00edvel do futebol mundial. Durante os 82 anos de vida, [&hellip;]<\/p>\n","protected":false},"author":1,"featured_media":22976,"comment_status":"closed","ping_status":"closed","sticky":false,"template":"","format":"standard","meta":{"footnotes":""},"categories":[8],"tags":[],"class_list":["post-22975","post","type-post","status-publish","format-standard","has-post-thumbnail","hentry","category-futebol"],"_links":{"self":[{"href":"https:\/\/www.esportesbrasilia.com.br\/noticias\/wp-json\/wp\/v2\/posts\/22975","targetHints":{"allow":["GET"]}}],"collection":[{"href":"https:\/\/www.esportesbrasilia.com.br\/noticias\/wp-json\/wp\/v2\/posts"}],"about":[{"href":"https:\/\/www.esportesbrasilia.com.br\/noticias\/wp-json\/wp\/v2\/types\/post"}],"author":[{"embeddable":true,"href":"https:\/\/www.esportesbrasilia.com.br\/noticias\/wp-json\/wp\/v2\/users\/1"}],"replies":[{"embeddable":true,"href":"https:\/\/www.esportesbrasilia.com.br\/noticias\/wp-json\/wp\/v2\/comments?post=22975"}],"version-history":[{"count":2,"href":"https:\/\/www.esportesbrasilia.com.br\/noticias\/wp-json\/wp\/v2\/posts\/22975\/revisions"}],"predecessor-version":[{"id":22979,"href":"https:\/\/www.esportesbrasilia.com.br\/noticias\/wp-json\/wp\/v2\/posts\/22975\/revisions\/22979"}],"wp:featuredmedia":[{"embeddable":true,"href":"https:\/\/www.esportesbrasilia.com.br\/noticias\/wp-json\/wp\/v2\/media\/22976"}],"wp:attachment":[{"href":"https:\/\/www.esportesbrasilia.com.br\/noticias\/wp-json\/wp\/v2\/media?parent=22975"}],"wp:term":[{"taxonomy":"category","embeddable":true,"href":"https:\/\/www.esportesbrasilia.com.br\/noticias\/wp-json\/wp\/v2\/categories?post=22975"},{"taxonomy":"post_tag","embeddable":true,"href":"https:\/\/www.esportesbrasilia.com.br\/noticias\/wp-json\/wp\/v2\/tags?post=22975"}],"curies":[{"name":"wp","href":"https:\/\/api.w.org\/{rel}","templated":true}]}}