{"id":22950,"date":"2022-12-26T17:28:14","date_gmt":"2022-12-26T20:28:14","guid":{"rendered":"https:\/\/www.esportesbrasilia.com.br\/noticias\/?p=22950"},"modified":"2022-12-26T17:28:15","modified_gmt":"2022-12-26T20:28:15","slug":"cbf-confirma-duas-vagas-para-o-distrito-federal-na-copa-do-brasil-2024","status":"publish","type":"post","link":"https:\/\/www.esportesbrasilia.com.br\/noticias\/futebol\/cbf-confirma-duas-vagas-para-o-distrito-federal-na-copa-do-brasil-2024.html","title":{"rendered":"CBF confirma duas vagas para o Distrito Federal na Copa do Brasil 2024"},"content":{"rendered":"\n<p>A Confedera\u00e7\u00e3o Brasileira de Futebol divulgou, nesta segunda-feira (26), o regulamento oficial da Copa do Brasil 2023. A primeira fase da Copa do Brasil est\u00e1 prevista para os dias 22 de fevereiro e 1 de mar\u00e7o.<\/p>\n\n\n\n<p>Mas o que chamou a aten\u00e7\u00e3o foi um Artigo que trata da competi\u00e7\u00e3o de 2024. 16 equipes ter\u00e3o a vaga j\u00e1 garantida na competi\u00e7\u00e3o: os participantes da Conmebol Libertadores, o campe\u00e3o brasileiro da S\u00e9rie B, e os campe\u00f5es das copas regionais Verde e do Nordeste, al\u00e9m de 12 equipes que estiverem na sequ\u00eancia da classifica\u00e7\u00e3o do Campeonato Brasileiro.<\/p>\n\n\n\n<p>As outras 80 vagas ser\u00e3o destinadas conforme a posi\u00e7\u00e3o da federa\u00e7\u00e3o estadual no Ranking Nacional de Federa\u00e7\u00f5es de 2023. Os estados que estiverem entre a 15\u00aa e a 27\u00aa posi\u00e7\u00f5es ter\u00e3o direito a apenas duas vagas. \u00c9 nesse meio que est\u00e1 a FFDF.<\/p>\n\n\n\n<p>Com isso, a CBF tamb\u00e9m determinou que o campe\u00e3o e o vice-campe\u00e3o ter\u00e3o direito \u00e0s vagas para a Copa do Brasil 2024. No entanto, caso Brasiliense ou Ceil\u00e2ndia conquistem a Copa Verde 2023, o vice-campe\u00e3o e o terceiro colocado do Candang\u00e3o 2023 pegam as vagas para a competi\u00e7\u00e3o do ano que vem.<\/p>\n\n\n\n<p>Ainda n\u00e3o h\u00e1 data para o sorteio da competi\u00e7\u00e3o.<\/p>\n","protected":false},"excerpt":{"rendered":"<p>A Confedera\u00e7\u00e3o Brasileira de Futebol divulgou, nesta segunda-feira (26), o regulamento oficial da Copa do Brasil 2023. A primeira fase da Copa do Brasil est\u00e1 prevista para os dias 22 de fevereiro e 1 de mar\u00e7o. Mas o que chamou a aten\u00e7\u00e3o foi um Artigo que trata da competi\u00e7\u00e3o de 2024. 16 equipes ter\u00e3o a [&hellip;]<\/p>\n","protected":false},"author":2,"featured_media":18757,"comment_status":"closed","ping_status":"closed","sticky":false,"template":"","format":"standard","meta":{"footnotes":""},"categories":[8],"tags":[],"class_list":["post-22950","post","type-post","status-publish","format-standard","has-post-thumbnail","hentry","category-futebol"],"_links":{"self":[{"href":"https:\/\/www.esportesbrasilia.com.br\/noticias\/wp-json\/wp\/v2\/posts\/22950","targetHints":{"allow":["GET"]}}],"collection":[{"href":"https:\/\/www.esportesbrasilia.com.br\/noticias\/wp-json\/wp\/v2\/posts"}],"about":[{"href":"https:\/\/www.esportesbrasilia.com.br\/noticias\/wp-json\/wp\/v2\/types\/post"}],"author":[{"embeddable":true,"href":"https:\/\/www.esportesbrasilia.com.br\/noticias\/wp-json\/wp\/v2\/users\/2"}],"replies":[{"embeddable":true,"href":"https:\/\/www.esportesbrasilia.com.br\/noticias\/wp-json\/wp\/v2\/comments?post=22950"}],"version-history":[{"count":1,"href":"https:\/\/www.esportesbrasilia.com.br\/noticias\/wp-json\/wp\/v2\/posts\/22950\/revisions"}],"predecessor-version":[{"id":22951,"href":"https:\/\/www.esportesbrasilia.com.br\/noticias\/wp-json\/wp\/v2\/posts\/22950\/revisions\/22951"}],"wp:featuredmedia":[{"embeddable":true,"href":"https:\/\/www.esportesbrasilia.com.br\/noticias\/wp-json\/wp\/v2\/media\/18757"}],"wp:attachment":[{"href":"https:\/\/www.esportesbrasilia.com.br\/noticias\/wp-json\/wp\/v2\/media?parent=22950"}],"wp:term":[{"taxonomy":"category","embeddable":true,"href":"https:\/\/www.esportesbrasilia.com.br\/noticias\/wp-json\/wp\/v2\/categories?post=22950"},{"taxonomy":"post_tag","embeddable":true,"href":"https:\/\/www.esportesbrasilia.com.br\/noticias\/wp-json\/wp\/v2\/tags?post=22950"}],"curies":[{"name":"wp","href":"https:\/\/api.w.org\/{rel}","templated":true}]}}