{"id":22900,"date":"2022-12-21T18:55:00","date_gmt":"2022-12-21T21:55:00","guid":{"rendered":"https:\/\/www.esportesbrasilia.com.br\/noticias\/?p=22900"},"modified":"2022-12-21T14:59:09","modified_gmt":"2022-12-21T17:59:09","slug":"ex-governador-e-ex-presidente-do-brasilia-sao-condenados-por-improbidade-na-construcao-do-mane-garrincha","status":"publish","type":"post","link":"https:\/\/www.esportesbrasilia.com.br\/noticias\/futebol\/ex-governador-e-ex-presidente-do-brasilia-sao-condenados-por-improbidade-na-construcao-do-mane-garrincha.html","title":{"rendered":"Ex-governador e ex-presidente do Bras\u00edlia s\u00e3o condenados por improbidade na constru\u00e7\u00e3o do Man\u00e9 Garrincha"},"content":{"rendered":"\n<p><strong>Fonte: TJDFT<br>Foto: Brito J\u00fanior\/especial para a EB<\/strong><\/p>\n\n\n\n<p>O Juiz da 7\u00aa Vara da Fazenda P\u00fablica do DF condenou o ex-governador Agnelo Queiroz e o ex-vice-governador Tadeu Filippelli por crime de improbidade administrativa na constru\u00e7\u00e3o do Est\u00e1dio Nacional de Bras\u00edlia Man\u00e9 Garrincha. Eles e mais quatro r\u00e9us foram condenados pela pr\u00e1tica de atos de improbidade administrativa que importam enriquecimento il\u00edcito.<\/p>\n\n\n\n<p>O magistrado determinou a perda da fun\u00e7\u00e3o p\u00fablica e suspens\u00e3o dos direitos pol\u00edticos de Agnelo Queiroz, Tadeu Filippelli, Jorge Salom\u00e3o, Luis Carlos Alcoforado &#8211; ex-presidente do Bras\u00edlia FC &#8211; e Fernando M\u00e1rcio Queiroz. Os cinco r\u00e9us e a empresa Via Engenharia S.A est\u00e3o proibidos de contratar com o poder p\u00fablico ou de receber benef\u00edcios ou incentivos fiscais ou credit\u00edcios, direta ou indiretamente, e a pagar multa civil equivalente ao valor do acr\u00e9scimo patrimonial. Os seis r\u00e9us foram condenados ainda ao pagamento de indeniza\u00e7\u00e3o por danos morais coletivos no valor de R$ 32 milh\u00f5es.<\/p>\n\n\n\n<p>Autor da a\u00e7\u00e3o, o MPDFT afirma que os r\u00e9us, al\u00e9m de terem enriquecido ilicitamente, causaram preju\u00edzo ao er\u00e1rio na execu\u00e7\u00e3o do contrato de reforma e constru\u00e7\u00e3o do Est\u00e1dio Nacional de Bras\u00edlia. O Minist\u00e9rio P\u00fablico aponta que os ent\u00e3o agentes p\u00fablicos solicitaram e receberam valores a t\u00edtulo de vantagens indevidas atrav\u00e9s da inclus\u00e3o de despesas il\u00edcitas aos custos da obra durante a execu\u00e7\u00e3o do contrato.<\/p>\n\n\n\n<p>De acordo com o MPDFT, a obra foi contratada inicialmente por R$ 696.648.486,00, mas alcan\u00e7ou o valor final de R$1.184.874.854,00 ap\u00f3s 25 termos aditivos. Os acr\u00e9scimos, segundo o autor, representam 70% superiores \u00e0 estimativa inicial.<\/p>\n\n\n\n<p>Ao julgar, o magistrado observou que as provas do processo mostram que o ex-governador e o ex-vice-governador, em concorr\u00eancia com os demais r\u00e9us, receberam, de forma consciente, vantagens indevidas no contrato referente \u00e0s obras de reforma do Est\u00e1dio Nacional de Bras\u00edlia \u201ccom a finalidade espec\u00edfica de se enriquecerem ilicitamente\u201d. No caso, segundo o Juiz, as condutas dos r\u00e9us se amoldam como atos de improbidade administrativa que importam enriquecimento il\u00edcito.<\/p>\n\n\n\n<p>O julgador registrou que n\u00e3o houve altera\u00e7\u00e3o na situa\u00e7\u00e3o dos r\u00e9us e que deve ser mantida a indisponibilidade dos bens. \u201cCom o acolhimento da pretens\u00e3o deduzida na exordial, ainda que parcial, deve os bens dos r\u00e9us continuarem bloqueados com o fito de se assegurar a repara\u00e7\u00e3o dos danos causados ao er\u00e1rio distrital e \u00e0 coletividade, ficando, portanto, indeferido o pleito dos requeridos de levantamento da constri\u00e7\u00e3o que pesa sobre seus bens\u201d, disse.<\/p>\n\n\n\n<p>Cabe recurso da senten\u00e7a.<\/p>\n","protected":false},"excerpt":{"rendered":"<p>Fonte: TJDFTFoto: Brito J\u00fanior\/especial para a EB O Juiz da 7\u00aa Vara da Fazenda P\u00fablica do DF condenou o ex-governador Agnelo Queiroz e o ex-vice-governador Tadeu Filippelli por crime de improbidade administrativa na constru\u00e7\u00e3o do Est\u00e1dio Nacional de Bras\u00edlia Man\u00e9 Garrincha. Eles e mais quatro r\u00e9us foram condenados pela pr\u00e1tica de atos de improbidade administrativa [&hellip;]<\/p>\n","protected":false},"author":1,"featured_media":671,"comment_status":"closed","ping_status":"closed","sticky":false,"template":"","format":"standard","meta":{"footnotes":""},"categories":[8],"tags":[],"class_list":["post-22900","post","type-post","status-publish","format-standard","has-post-thumbnail","hentry","category-futebol"],"_links":{"self":[{"href":"https:\/\/www.esportesbrasilia.com.br\/noticias\/wp-json\/wp\/v2\/posts\/22900","targetHints":{"allow":["GET"]}}],"collection":[{"href":"https:\/\/www.esportesbrasilia.com.br\/noticias\/wp-json\/wp\/v2\/posts"}],"about":[{"href":"https:\/\/www.esportesbrasilia.com.br\/noticias\/wp-json\/wp\/v2\/types\/post"}],"author":[{"embeddable":true,"href":"https:\/\/www.esportesbrasilia.com.br\/noticias\/wp-json\/wp\/v2\/users\/1"}],"replies":[{"embeddable":true,"href":"https:\/\/www.esportesbrasilia.com.br\/noticias\/wp-json\/wp\/v2\/comments?post=22900"}],"version-history":[{"count":1,"href":"https:\/\/www.esportesbrasilia.com.br\/noticias\/wp-json\/wp\/v2\/posts\/22900\/revisions"}],"predecessor-version":[{"id":22901,"href":"https:\/\/www.esportesbrasilia.com.br\/noticias\/wp-json\/wp\/v2\/posts\/22900\/revisions\/22901"}],"wp:featuredmedia":[{"embeddable":true,"href":"https:\/\/www.esportesbrasilia.com.br\/noticias\/wp-json\/wp\/v2\/media\/671"}],"wp:attachment":[{"href":"https:\/\/www.esportesbrasilia.com.br\/noticias\/wp-json\/wp\/v2\/media?parent=22900"}],"wp:term":[{"taxonomy":"category","embeddable":true,"href":"https:\/\/www.esportesbrasilia.com.br\/noticias\/wp-json\/wp\/v2\/categories?post=22900"},{"taxonomy":"post_tag","embeddable":true,"href":"https:\/\/www.esportesbrasilia.com.br\/noticias\/wp-json\/wp\/v2\/tags?post=22900"}],"curies":[{"name":"wp","href":"https:\/\/api.w.org\/{rel}","templated":true}]}}