{"id":22893,"date":"2022-12-21T16:22:00","date_gmt":"2022-12-21T19:22:00","guid":{"rendered":"https:\/\/www.esportesbrasilia.com.br\/noticias\/?p=22893"},"modified":"2022-12-21T14:53:16","modified_gmt":"2022-12-21T17:53:16","slug":"barca-de-dispensas-navega-do-minas-brasilia","status":"publish","type":"post","link":"https:\/\/www.esportesbrasilia.com.br\/noticias\/futebol\/barca-de-dispensas-navega-do-minas-brasilia.html","title":{"rendered":"Barca de dispensas navega do Minas Bras\u00edlia e destaque pode ser anunciada no Gr\u00eamio"},"content":{"rendered":"\n<p>O termo &#8220;barca&#8221; \u00e9 conhecido no futebol pela grande lista de dispensas de uma equipe esportiva. No futebol feminino n\u00e3o \u00e9 diferente. Uma barca navegou do Minas Bras\u00edlia, equipe que disputar\u00e1 o Brasileir\u00e3o Feminino A2 em 2023, nesta ter\u00e7a-feira (20).<\/p>\n\n\n\n<p>A equipe, que foi treinada por Rodrigo Campos em 2022, dispensou oito jogadoras: Bia, Borges, Guedes, Jeh, Laura, Magna, Milena Cear\u00e1 e Thefinha.<\/p>\n\n\n\n<p>Ainda de acordo com o clube, novas atletas ser\u00e3o apresentadas no in\u00edcio de 2023. Al\u00e9m da perman\u00eancia no Brasileir\u00e3o Feminino A2, o Minas Bras\u00edlia foi vice-campe\u00e3o do Candang\u00e3o 2022.<\/p>\n\n\n\n<p><strong>Destaque pode chegar no Gr\u00eamio<\/strong><\/p>\n\n\n\n<figure class=\"wp-block-image size-large\"><img loading=\"lazy\" decoding=\"async\" width=\"1024\" height=\"794\" src=\"https:\/\/www.esportesbrasilia.com.br\/noticias\/wp-content\/uploads\/manubalbinot-1024x794.jpg\" alt=\"\" class=\"wp-image-22897\" srcset=\"https:\/\/www.esportesbrasilia.com.br\/noticias\/wp-content\/uploads\/manubalbinot-1024x794.jpg 1024w, https:\/\/www.esportesbrasilia.com.br\/noticias\/wp-content\/uploads\/manubalbinot-300x233.jpg 300w, https:\/\/www.esportesbrasilia.com.br\/noticias\/wp-content\/uploads\/manubalbinot-768x595.jpg 768w, https:\/\/www.esportesbrasilia.com.br\/noticias\/wp-content\/uploads\/manubalbinot-1536x1190.jpg 1536w, https:\/\/www.esportesbrasilia.com.br\/noticias\/wp-content\/uploads\/manubalbinot.jpg 1600w\" sizes=\"auto, (max-width: 1024px) 100vw, 1024px\" \/><figcaption class=\"wp-element-caption\">Manu Balbinot pode ser anunciada, a qualquer momento, como refor\u00e7o do Gr\u00eamio para a temporada 2023 &#8211; Foto: Patricy Albuquerque\/Minas Bras\u00edlia<\/figcaption><\/figure>\n\n\n\n<p>Outra jogadora que deixou o clube foi a meio-campista Manu Balbinot, de 20 anos. Nas redes sociais, Balbinot agradeceu \u00e0s presidentes do clube, Nayeri e Nayara Albuquerque, e ressaltou o tempo que esteve vestindo a camisa do Minas.<\/p>\n\n\n\n<p>&#8220;Muita gratid\u00e3o, muito amor e muita honra em ter vestido essa camisa! Estarei sempre na torcida por esse clube e por essas pessoas maravilhosas que nele est\u00e3o inseridas!&#8221;, disse Manu.<\/p>\n\n\n\n<p>O destino de Manu Balbinot pode ser o Gr\u00eamio, equipe que disputa a elite do futebol feminino brasileiro. <\/p>\n","protected":false},"excerpt":{"rendered":"<p>O termo &#8220;barca&#8221; \u00e9 conhecido no futebol pela grande lista de dispensas de uma equipe esportiva. No futebol feminino n\u00e3o \u00e9 diferente. Uma barca navegou do Minas Bras\u00edlia, equipe que disputar\u00e1 o Brasileir\u00e3o Feminino A2 em 2023, nesta ter\u00e7a-feira (20). A equipe, que foi treinada por Rodrigo Campos em 2022, dispensou oito jogadoras: Bia, Borges, [&hellip;]<\/p>\n","protected":false},"author":2,"featured_media":22894,"comment_status":"closed","ping_status":"closed","sticky":false,"template":"","format":"standard","meta":{"footnotes":""},"categories":[8],"tags":[1092],"class_list":["post-22893","post","type-post","status-publish","format-standard","has-post-thumbnail","hentry","category-futebol","tag-minas-brasilia-2"],"_links":{"self":[{"href":"https:\/\/www.esportesbrasilia.com.br\/noticias\/wp-json\/wp\/v2\/posts\/22893","targetHints":{"allow":["GET"]}}],"collection":[{"href":"https:\/\/www.esportesbrasilia.com.br\/noticias\/wp-json\/wp\/v2\/posts"}],"about":[{"href":"https:\/\/www.esportesbrasilia.com.br\/noticias\/wp-json\/wp\/v2\/types\/post"}],"author":[{"embeddable":true,"href":"https:\/\/www.esportesbrasilia.com.br\/noticias\/wp-json\/wp\/v2\/users\/2"}],"replies":[{"embeddable":true,"href":"https:\/\/www.esportesbrasilia.com.br\/noticias\/wp-json\/wp\/v2\/comments?post=22893"}],"version-history":[{"count":3,"href":"https:\/\/www.esportesbrasilia.com.br\/noticias\/wp-json\/wp\/v2\/posts\/22893\/revisions"}],"predecessor-version":[{"id":22899,"href":"https:\/\/www.esportesbrasilia.com.br\/noticias\/wp-json\/wp\/v2\/posts\/22893\/revisions\/22899"}],"wp:featuredmedia":[{"embeddable":true,"href":"https:\/\/www.esportesbrasilia.com.br\/noticias\/wp-json\/wp\/v2\/media\/22894"}],"wp:attachment":[{"href":"https:\/\/www.esportesbrasilia.com.br\/noticias\/wp-json\/wp\/v2\/media?parent=22893"}],"wp:term":[{"taxonomy":"category","embeddable":true,"href":"https:\/\/www.esportesbrasilia.com.br\/noticias\/wp-json\/wp\/v2\/categories?post=22893"},{"taxonomy":"post_tag","embeddable":true,"href":"https:\/\/www.esportesbrasilia.com.br\/noticias\/wp-json\/wp\/v2\/tags?post=22893"}],"curies":[{"name":"wp","href":"https:\/\/api.w.org\/{rel}","templated":true}]}}