{"id":22848,"date":"2022-12-16T01:00:04","date_gmt":"2022-12-16T04:00:04","guid":{"rendered":"https:\/\/www.esportesbrasilia.com.br\/noticias\/?p=22848"},"modified":"2022-12-16T01:00:04","modified_gmt":"2022-12-16T04:00:04","slug":"cbf-divulga-tabela-da-copa-verde-e-times-candangos-conhecem-adversarios","status":"publish","type":"post","link":"https:\/\/www.esportesbrasilia.com.br\/noticias\/futebol\/cbf-divulga-tabela-da-copa-verde-e-times-candangos-conhecem-adversarios.html","title":{"rendered":"CBF divulga tabela da Copa Verde e times candangos conhecem advers\u00e1rios"},"content":{"rendered":"\n<p>A Confedera\u00e7\u00e3o Brasileira de Futebol divulgou, nesta quinta-feira (15), a tabela b\u00e1sica da Copa Verde 2023. A competi\u00e7\u00e3o regional ter\u00e1 dois representantes candangos: o Brasiliense, atual campe\u00e3o candango, e o Ceil\u00e2ndia, vice-campe\u00e3o local.<\/p>\n\n\n\n<p>Conforme antecipado pela <strong>Esportes Bras\u00edlia<\/strong>, o Ceil\u00e2ndia come\u00e7a a disputa da competi\u00e7\u00e3o regional na primeira fase. O advers\u00e1rio ser\u00e1 o Rio Branco\/ES, no dia 18 de fevereiro. Quem vencer, enfrentar\u00e1 o Cuiab\u00e1\/MT, na Arena Pantanal, pelas oitavas de final.<\/p>\n\n\n\n<p>J\u00e1 o Brasiliense estreia na Copa Verde j\u00e1 nas oitavas de final, no dia 22 de fevereiro ou 01 de mar\u00e7o, em data a ser confirmada. O time vai receber o vencedor de Tocantin\u00f3polis\/TO e Oper\u00e1rio\/MS.<\/p>\n\n\n\n<p>Na primeira fase e nas oitavas de final, a disputa acontecer\u00e1 apenas em 90 minutos. Em caso de empate, haver\u00e1 cobran\u00e7a de penalidade m\u00e1xima para definir quem avan\u00e7a de fase. O campe\u00e3o da Copa Verde tem uma vaga garantida na terceira fase da Copa do Brasil 2024.<\/p>\n","protected":false},"excerpt":{"rendered":"<p>A Confedera\u00e7\u00e3o Brasileira de Futebol divulgou, nesta quinta-feira (15), a tabela b\u00e1sica da Copa Verde 2023. A competi\u00e7\u00e3o regional ter\u00e1 dois representantes candangos: o Brasiliense, atual campe\u00e3o candango, e o Ceil\u00e2ndia, vice-campe\u00e3o local. Conforme antecipado pela Esportes Bras\u00edlia, o Ceil\u00e2ndia come\u00e7a a disputa da competi\u00e7\u00e3o regional na primeira fase. O advers\u00e1rio ser\u00e1 o Rio Branco\/ES, [&hellip;]<\/p>\n","protected":false},"author":2,"featured_media":22687,"comment_status":"closed","ping_status":"closed","sticky":false,"template":"","format":"standard","meta":{"footnotes":""},"categories":[8],"tags":[],"class_list":["post-22848","post","type-post","status-publish","format-standard","has-post-thumbnail","hentry","category-futebol"],"_links":{"self":[{"href":"https:\/\/www.esportesbrasilia.com.br\/noticias\/wp-json\/wp\/v2\/posts\/22848","targetHints":{"allow":["GET"]}}],"collection":[{"href":"https:\/\/www.esportesbrasilia.com.br\/noticias\/wp-json\/wp\/v2\/posts"}],"about":[{"href":"https:\/\/www.esportesbrasilia.com.br\/noticias\/wp-json\/wp\/v2\/types\/post"}],"author":[{"embeddable":true,"href":"https:\/\/www.esportesbrasilia.com.br\/noticias\/wp-json\/wp\/v2\/users\/2"}],"replies":[{"embeddable":true,"href":"https:\/\/www.esportesbrasilia.com.br\/noticias\/wp-json\/wp\/v2\/comments?post=22848"}],"version-history":[{"count":1,"href":"https:\/\/www.esportesbrasilia.com.br\/noticias\/wp-json\/wp\/v2\/posts\/22848\/revisions"}],"predecessor-version":[{"id":22849,"href":"https:\/\/www.esportesbrasilia.com.br\/noticias\/wp-json\/wp\/v2\/posts\/22848\/revisions\/22849"}],"wp:featuredmedia":[{"embeddable":true,"href":"https:\/\/www.esportesbrasilia.com.br\/noticias\/wp-json\/wp\/v2\/media\/22687"}],"wp:attachment":[{"href":"https:\/\/www.esportesbrasilia.com.br\/noticias\/wp-json\/wp\/v2\/media?parent=22848"}],"wp:term":[{"taxonomy":"category","embeddable":true,"href":"https:\/\/www.esportesbrasilia.com.br\/noticias\/wp-json\/wp\/v2\/categories?post=22848"},{"taxonomy":"post_tag","embeddable":true,"href":"https:\/\/www.esportesbrasilia.com.br\/noticias\/wp-json\/wp\/v2\/tags?post=22848"}],"curies":[{"name":"wp","href":"https:\/\/api.w.org\/{rel}","templated":true}]}}