{"id":22834,"date":"2022-12-15T12:06:58","date_gmt":"2022-12-15T15:06:58","guid":{"rendered":"https:\/\/www.esportesbrasilia.com.br\/noticias\/?p=22834"},"modified":"2022-12-15T12:07:24","modified_gmt":"2022-12-15T15:07:24","slug":"se-gama-confirma-que-vai-disputar-a-copinha-2023","status":"publish","type":"post","link":"https:\/\/www.esportesbrasilia.com.br\/noticias\/futebol\/se-gama-confirma-que-vai-disputar-a-copinha-2023.html","title":{"rendered":"SE Gama confirma que vai disputar a Copinha 2023"},"content":{"rendered":"\n<p><strong>Foto: Divulga\u00e7\u00e3o\/SE Gama<\/strong><\/p>\n\n\n\n<p>Voc\u00ea leu aqui na <strong>Esportes Bras\u00edlia<\/strong> nesta quarta-feira (14) que a <a href=\"https:\/\/www.esportesbrasilia.com.br\/noticias\/futebol\/se-gama-retoma-controle-de-jogadores-e-anuncia-tecnico-campeao-para-2023.html\" data-type=\"post\" data-id=\"22825\">Sociedade Esportiva do Gama reativou o departamento de futebol profissional depois de retomar os acessos junto \u00e0 Confedera\u00e7\u00e3o Brasileira de Futebol<\/a>.<\/p>\n\n\n\n<p>Durante a entrevista coletiva desta quarta-feira, o presidente do alviverde, Wendel Lopes, confirmou que todos os jogadores e comiss\u00e3o t\u00e9cnica que est\u00e3o vinculados \u00e0 antiga SAF passar\u00e3o a ser ligados \u00e0 Sociedade Esportiva do Gama.<\/p>\n\n\n\n<p>A coordena\u00e7\u00e3o da base do Gama ser\u00e1 de Mauro Brito. Questionado pela reportagem da <strong>EB<\/strong> sobre uma poss\u00edvel n\u00e3o inscri\u00e7\u00e3o dos atletas por parte da SAF para a Copinha 2023, Mauro explicou que vai apurar a situa\u00e7\u00e3o. &#8220;Estamos assumindo pra valer agora, ap\u00f3s a libera\u00e7\u00e3o do acesso. At\u00e9 ent\u00e3o, sei que tem 25 atletas inscritos. Vamos ter que apurar quais foram inscritos para a Copinha e tentar regularizar a situa\u00e7\u00e3o dos outros&#8221;, disse.<\/p>\n\n\n\n<p>O time Juniores do Gama j\u00e1 est\u00e1 em atividade de prepara\u00e7\u00e3o e estreia no dia 03 de janeiro, diante do Atl\u00e9tico Guaratinguet\u00e1\/SP, na chave 13 da Copinha.<\/p>\n\n\n\n<p>A equipe ser\u00e1 comandada pelo treinador F\u00e1bio Frubal. A ideia da diretoria de base \u00e9 que os jogadores que se destacarem possam vestir a camisa da equipe profissional do alviverde ainda este ano.<\/p>\n","protected":false},"excerpt":{"rendered":"<p>Foto: Divulga\u00e7\u00e3o\/SE Gama Voc\u00ea leu aqui na Esportes Bras\u00edlia nesta quarta-feira (14) que a Sociedade Esportiva do Gama reativou o departamento de futebol profissional depois de retomar os acessos junto \u00e0 Confedera\u00e7\u00e3o Brasileira de Futebol. Durante a entrevista coletiva desta quarta-feira, o presidente do alviverde, Wendel Lopes, confirmou que todos os jogadores e comiss\u00e3o t\u00e9cnica [&hellip;]<\/p>\n","protected":false},"author":2,"featured_media":22835,"comment_status":"closed","ping_status":"closed","sticky":false,"template":"","format":"standard","meta":{"footnotes":""},"categories":[8],"tags":[],"class_list":["post-22834","post","type-post","status-publish","format-standard","has-post-thumbnail","hentry","category-futebol"],"_links":{"self":[{"href":"https:\/\/www.esportesbrasilia.com.br\/noticias\/wp-json\/wp\/v2\/posts\/22834","targetHints":{"allow":["GET"]}}],"collection":[{"href":"https:\/\/www.esportesbrasilia.com.br\/noticias\/wp-json\/wp\/v2\/posts"}],"about":[{"href":"https:\/\/www.esportesbrasilia.com.br\/noticias\/wp-json\/wp\/v2\/types\/post"}],"author":[{"embeddable":true,"href":"https:\/\/www.esportesbrasilia.com.br\/noticias\/wp-json\/wp\/v2\/users\/2"}],"replies":[{"embeddable":true,"href":"https:\/\/www.esportesbrasilia.com.br\/noticias\/wp-json\/wp\/v2\/comments?post=22834"}],"version-history":[{"count":2,"href":"https:\/\/www.esportesbrasilia.com.br\/noticias\/wp-json\/wp\/v2\/posts\/22834\/revisions"}],"predecessor-version":[{"id":22837,"href":"https:\/\/www.esportesbrasilia.com.br\/noticias\/wp-json\/wp\/v2\/posts\/22834\/revisions\/22837"}],"wp:featuredmedia":[{"embeddable":true,"href":"https:\/\/www.esportesbrasilia.com.br\/noticias\/wp-json\/wp\/v2\/media\/22835"}],"wp:attachment":[{"href":"https:\/\/www.esportesbrasilia.com.br\/noticias\/wp-json\/wp\/v2\/media?parent=22834"}],"wp:term":[{"taxonomy":"category","embeddable":true,"href":"https:\/\/www.esportesbrasilia.com.br\/noticias\/wp-json\/wp\/v2\/categories?post=22834"},{"taxonomy":"post_tag","embeddable":true,"href":"https:\/\/www.esportesbrasilia.com.br\/noticias\/wp-json\/wp\/v2\/tags?post=22834"}],"curies":[{"name":"wp","href":"https:\/\/api.w.org\/{rel}","templated":true}]}}