{"id":22825,"date":"2022-12-14T18:28:30","date_gmt":"2022-12-14T21:28:30","guid":{"rendered":"https:\/\/www.esportesbrasilia.com.br\/noticias\/?p=22825"},"modified":"2022-12-14T18:28:30","modified_gmt":"2022-12-14T21:28:30","slug":"se-gama-retoma-controle-de-jogadores-e-anuncia-tecnico-campeao-para-2023","status":"publish","type":"post","link":"https:\/\/www.esportesbrasilia.com.br\/noticias\/futebol\/se-gama-retoma-controle-de-jogadores-e-anuncia-tecnico-campeao-para-2023.html","title":{"rendered":"SE Gama retoma controle de jogadores e anuncia t\u00e9cnico campe\u00e3o para 2023"},"content":{"rendered":"\n<p><strong>Foto: Rener Lopes\/Ag\u00eancia EB<\/strong><\/p>\n\n\n\n<p>Agora sim. A Sociedade Esportiva do Gama est\u00e1 de volta \u00e0s disputas, de maneira oficial, das competi\u00e7\u00f5es nacionais. Por conta de uma liminar obtida na Justi\u00e7a, o alviverde retomou o controle de cadastro de jogadores na Confedera\u00e7\u00e3o Brasileira de Futebol.<\/p>\n\n\n\n<p>Segundo Wendel Lopes, presidente do Gama, a SAF do Gama teria entrado com tr\u00eas processos contra a Junta Comercial do Distrito Federal, por ter cancelado &#8211; de maneira err\u00f4nea, segundo a SAF &#8211; o registro do CNPJ da Sociedade An\u00f4nima do Futebol. Todos os tr\u00eas processos teriam sido perdidos pela SAF.<\/p>\n\n\n\n<p>Na liminar obtida pela Sociedade Esportiva do Gama, a Confedera\u00e7\u00e3o Brasileira de Futebol e a Federa\u00e7\u00e3o de Futebol do Distrito Federal tiveram que devolver ao clube o acesso para a inscri\u00e7\u00e3o de atletas nas competi\u00e7\u00f5es nacionais.<\/p>\n\n\n\n<p>Com isso, o time ter\u00e1, agora, pouco mais de um m\u00eas e meio para organizar a equipe para a disputa do Candang\u00e3o 2023. A equipe estreia diante do Taguatinga, em data e local a serem definidos.<\/p>\n\n\n\n<p>Falando em local, a diretoria do Gama est\u00e1 otimista em disputar o campeonato no principal palco gamense: o est\u00e1dio Bezerr\u00e3o. Sobre isso, o vice-presidente Altair Santos garantiu que o alviverde volta pra casa ainda neste campeonato: &#8220;Estive l\u00e1 [no Bezerr\u00e3o] hoje e vi que j\u00e1 est\u00e3o fazendo a topografia do local. A previs\u00e3o \u00e9 que, no dia 28 de janeiro, o est\u00e1dio esteja liberado para sediarmos os jogos l\u00e1&#8221;, disse Altair, durante a entrevista coletiva desta quarta-feira (14).<\/p>\n\n\n\n<p>Questionado sobre a possibilidade de mandar os jogos no est\u00e1dio Luiz Alfredo, no munic\u00edpio de Novo Gama\/GO, Wendel foi enf\u00e1tico: &#8220;Existem outros jogos que j\u00e1 mandamos jogos, como o Abadi\u00e3o, o Serra do Lago e o Defel\u00ea, mas s\u00f3 mandaremos jogo l\u00e1 se for aprovado pelos \u00f3rg\u00e3os competentes e pela FFDF&#8221;.<\/p>\n\n\n\n<p><strong>Comando com velho conhecido<\/strong><\/p>\n\n\n\n<p>E com essa nova organiza\u00e7\u00e3o, a diretoria do Gama confirmou que um velho conhecido da torcida est\u00e1 de volta: Vilson Tadei, campe\u00e3o com o time em 2019, ser\u00e1 o t\u00e9cnico no Candang\u00e3o 2023, a \u00fanica competi\u00e7\u00e3o que o alviverde vai jogar.<\/p>\n\n\n\n<figure class=\"wp-block-image size-large\"><img loading=\"lazy\" decoding=\"async\" width=\"1024\" height=\"732\" src=\"https:\/\/www.esportesbrasilia.com.br\/noticias\/wp-content\/uploads\/vilson-taddei-1024x732.jpg\" alt=\"\" class=\"wp-image-20608\" srcset=\"https:\/\/www.esportesbrasilia.com.br\/noticias\/wp-content\/uploads\/vilson-taddei-1024x732.jpg 1024w, https:\/\/www.esportesbrasilia.com.br\/noticias\/wp-content\/uploads\/vilson-taddei-300x214.jpg 300w, https:\/\/www.esportesbrasilia.com.br\/noticias\/wp-content\/uploads\/vilson-taddei-768x549.jpg 768w, https:\/\/www.esportesbrasilia.com.br\/noticias\/wp-content\/uploads\/vilson-taddei.jpg 1140w\" sizes=\"auto, (max-width: 1024px) 100vw, 1024px\" \/><figcaption class=\"wp-element-caption\">Vilson Tadei, t\u00e9cnico do Gama para a temporada 2023 &#8211; Foto: Divulga\u00e7\u00e3o\/SE Gama<\/figcaption><\/figure>\n\n\n\n<p>Ao lado dele estar\u00e3o Mayco Tadei, como auxiliar t\u00e9cnico, e Cl\u00e9ber Augusto, como preparador f\u00edsico. O objetivo do alviverde \u00e9 que eles permane\u00e7am na equipe, mesmo ap\u00f3s a disputa do Candang\u00e3o 2023.<\/p>\n\n\n\n<p>De acordo com Luiz Henrique Nu\u00f1ez, que ser\u00e1 o diretor executivo de Futebol do Gama, o elenco do clube j\u00e1 est\u00e1 sendo montado. &#8220;Ainda n\u00e3o anunciamos os nomes, mas muitos jogadores est\u00e3o sendo analisados pela comiss\u00e3o t\u00e9cnica. No dia 02 de janeiro apresentaremos todos eles&#8221;, contou o dirigente.<\/p>\n","protected":false},"excerpt":{"rendered":"<p>Foto: Rener Lopes\/Ag\u00eancia EB Agora sim. A Sociedade Esportiva do Gama est\u00e1 de volta \u00e0s disputas, de maneira oficial, das competi\u00e7\u00f5es nacionais. Por conta de uma liminar obtida na Justi\u00e7a, o alviverde retomou o controle de cadastro de jogadores na Confedera\u00e7\u00e3o Brasileira de Futebol. Segundo Wendel Lopes, presidente do Gama, a SAF do Gama teria [&hellip;]<\/p>\n","protected":false},"author":2,"featured_media":22826,"comment_status":"closed","ping_status":"closed","sticky":false,"template":"","format":"standard","meta":{"footnotes":""},"categories":[8],"tags":[],"class_list":["post-22825","post","type-post","status-publish","format-standard","has-post-thumbnail","hentry","category-futebol"],"_links":{"self":[{"href":"https:\/\/www.esportesbrasilia.com.br\/noticias\/wp-json\/wp\/v2\/posts\/22825","targetHints":{"allow":["GET"]}}],"collection":[{"href":"https:\/\/www.esportesbrasilia.com.br\/noticias\/wp-json\/wp\/v2\/posts"}],"about":[{"href":"https:\/\/www.esportesbrasilia.com.br\/noticias\/wp-json\/wp\/v2\/types\/post"}],"author":[{"embeddable":true,"href":"https:\/\/www.esportesbrasilia.com.br\/noticias\/wp-json\/wp\/v2\/users\/2"}],"replies":[{"embeddable":true,"href":"https:\/\/www.esportesbrasilia.com.br\/noticias\/wp-json\/wp\/v2\/comments?post=22825"}],"version-history":[{"count":1,"href":"https:\/\/www.esportesbrasilia.com.br\/noticias\/wp-json\/wp\/v2\/posts\/22825\/revisions"}],"predecessor-version":[{"id":22827,"href":"https:\/\/www.esportesbrasilia.com.br\/noticias\/wp-json\/wp\/v2\/posts\/22825\/revisions\/22827"}],"wp:featuredmedia":[{"embeddable":true,"href":"https:\/\/www.esportesbrasilia.com.br\/noticias\/wp-json\/wp\/v2\/media\/22826"}],"wp:attachment":[{"href":"https:\/\/www.esportesbrasilia.com.br\/noticias\/wp-json\/wp\/v2\/media?parent=22825"}],"wp:term":[{"taxonomy":"category","embeddable":true,"href":"https:\/\/www.esportesbrasilia.com.br\/noticias\/wp-json\/wp\/v2\/categories?post=22825"},{"taxonomy":"post_tag","embeddable":true,"href":"https:\/\/www.esportesbrasilia.com.br\/noticias\/wp-json\/wp\/v2\/tags?post=22825"}],"curies":[{"name":"wp","href":"https:\/\/api.w.org\/{rel}","templated":true}]}}