{"id":22822,"date":"2022-12-14T14:03:00","date_gmt":"2022-12-14T17:03:00","guid":{"rendered":"https:\/\/www.esportesbrasilia.com.br\/noticias\/?p=22822"},"modified":"2022-12-14T01:12:33","modified_gmt":"2022-12-14T04:12:33","slug":"brasilia-basquete-volta-as-quadras-em-busca-da-vaga-no-super-8","status":"publish","type":"post","link":"https:\/\/www.esportesbrasilia.com.br\/noticias\/basquete\/brasilia-basquete-volta-as-quadras-em-busca-da-vaga-no-super-8.html","title":{"rendered":"Bras\u00edlia Basquete volta \u00e0s quadras em busca da vaga no Super 8"},"content":{"rendered":"\n<p><strong>Foto: Matheus Maranh\u00e3o\/Bras\u00edlia Basquete<\/strong><\/p>\n\n\n\n<p>O Bras\u00edlia Basquete retorna \u00e0s quadras do Gin\u00e1sio Nilson Nelson nesta semana para duas partidas pelo Novo Basquete Brasil. Na quinta-feira (15), \u00e0s 19h30, o advers\u00e1rio ser\u00e1 o Paulistano, com transmiss\u00e3o ao vivo da <strong>Esportes Bras\u00edlia<\/strong>. J\u00e1 no s\u00e1bado (17), \u00e0s 15h, o confronto ser\u00e1 diante do S\u00e3o Paulo.<\/p>\n\n\n\n<p>Para esses jogos, o t\u00e9cnico Ded\u00e9 Barbosa tem elenco completo, exceto Gui Bento, que por conta de uma les\u00e3o, est\u00e1 fora da temporada 2022\/2023 do Novo Basquete Brasil.<\/p>\n\n\n\n<p>A equipe brasiliense est\u00e1 na 12\u00aa posi\u00e7\u00e3o, com 40% de aproveitamento. At\u00e9 aqui, foram quatro vit\u00f3rias em dez jogos. Caso as vit\u00f3rias venham nos pr\u00f3ximos dois confrontos, a situa\u00e7\u00e3o do Bras\u00edlia melhora, podendo at\u00e9 colocar a equipe na briga por uma vaga na Copa Super 8, que re\u00fane os oito melhores da primeira fase do NBB.<\/p>\n\n\n\n<p>&#8220;S\u00e3o duas partidas de extrema import\u00e2ncia. Estamos evoluindo jogo a jogo e prova disso foi nossa atua\u00e7\u00e3o contra o S\u00e3o Jos\u00e9, um advers\u00e1rio direto e que conseguimos manter a ponta na maioria do tempo e soubemos fechar o jogo. Mas passou. Estamos focados nos dois pr\u00f3ximos duelos em casa, precisamos das vit\u00f3rias e do apoio de sempre da torcida&#8221;, ressaltou o ala Gustavo Bas\u00edlio, por meio da assessoria de imprensa do clube.<\/p>\n\n\n\n<p>Os ingressos para os confrontos desta semana est\u00e3o sendo vendidos pelo aplicativo do clube, o &#8220;BSB BKT&#8221;, dispon\u00edvel para Android e iOS.<\/p>\n","protected":false},"excerpt":{"rendered":"<p>Foto: Matheus Maranh\u00e3o\/Bras\u00edlia Basquete O Bras\u00edlia Basquete retorna \u00e0s quadras do Gin\u00e1sio Nilson Nelson nesta semana para duas partidas pelo Novo Basquete Brasil. Na quinta-feira (15), \u00e0s 19h30, o advers\u00e1rio ser\u00e1 o Paulistano, com transmiss\u00e3o ao vivo da Esportes Bras\u00edlia. J\u00e1 no s\u00e1bado (17), \u00e0s 15h, o confronto ser\u00e1 diante do S\u00e3o Paulo. Para esses [&hellip;]<\/p>\n","protected":false},"author":2,"featured_media":22823,"comment_status":"closed","ping_status":"closed","sticky":false,"template":"","format":"standard","meta":{"footnotes":""},"categories":[12],"tags":[],"class_list":["post-22822","post","type-post","status-publish","format-standard","has-post-thumbnail","hentry","category-basquete"],"_links":{"self":[{"href":"https:\/\/www.esportesbrasilia.com.br\/noticias\/wp-json\/wp\/v2\/posts\/22822","targetHints":{"allow":["GET"]}}],"collection":[{"href":"https:\/\/www.esportesbrasilia.com.br\/noticias\/wp-json\/wp\/v2\/posts"}],"about":[{"href":"https:\/\/www.esportesbrasilia.com.br\/noticias\/wp-json\/wp\/v2\/types\/post"}],"author":[{"embeddable":true,"href":"https:\/\/www.esportesbrasilia.com.br\/noticias\/wp-json\/wp\/v2\/users\/2"}],"replies":[{"embeddable":true,"href":"https:\/\/www.esportesbrasilia.com.br\/noticias\/wp-json\/wp\/v2\/comments?post=22822"}],"version-history":[{"count":1,"href":"https:\/\/www.esportesbrasilia.com.br\/noticias\/wp-json\/wp\/v2\/posts\/22822\/revisions"}],"predecessor-version":[{"id":22824,"href":"https:\/\/www.esportesbrasilia.com.br\/noticias\/wp-json\/wp\/v2\/posts\/22822\/revisions\/22824"}],"wp:featuredmedia":[{"embeddable":true,"href":"https:\/\/www.esportesbrasilia.com.br\/noticias\/wp-json\/wp\/v2\/media\/22823"}],"wp:attachment":[{"href":"https:\/\/www.esportesbrasilia.com.br\/noticias\/wp-json\/wp\/v2\/media?parent=22822"}],"wp:term":[{"taxonomy":"category","embeddable":true,"href":"https:\/\/www.esportesbrasilia.com.br\/noticias\/wp-json\/wp\/v2\/categories?post=22822"},{"taxonomy":"post_tag","embeddable":true,"href":"https:\/\/www.esportesbrasilia.com.br\/noticias\/wp-json\/wp\/v2\/tags?post=22822"}],"curies":[{"name":"wp","href":"https:\/\/api.w.org\/{rel}","templated":true}]}}