{"id":22812,"date":"2022-12-13T14:56:17","date_gmt":"2022-12-13T17:56:17","guid":{"rendered":"https:\/\/www.esportesbrasilia.com.br\/noticias\/?p=22812"},"modified":"2022-12-13T14:56:17","modified_gmt":"2022-12-13T17:56:17","slug":"samambaia-comeca-a-divulgar-elenco-para-a-temporada-2023","status":"publish","type":"post","link":"https:\/\/www.esportesbrasilia.com.br\/noticias\/futebol\/samambaia-comeca-a-divulgar-elenco-para-a-temporada-2023.html","title":{"rendered":"Samambaia come\u00e7a a divulgar elenco para a Temporada 2023"},"content":{"rendered":"\n<p>O &#8220;Cachorro Salsicha&#8221;, que subiu recentemente para a primeira divis\u00e3o do futebol candango, come\u00e7a a mostrar o elenco que vai disputar o Candang\u00e3o 2023. O Samambaia, que ser\u00e1 comandado por Luis dos Reis, iniciou nesta segunda-feira (12) os treinamentos visando a temporada que come\u00e7a em menos de 50 dias.<\/p>\n\n\n\n<p>O elenco passou por exames nesta segunda-feira e j\u00e1 come\u00e7ou os trabalhos com bola. Alguns nomes conhecidos do futebol candango v\u00e3o vestir a camisa do Samambaia, caso do lateral-esquerdo Romarinho e do atacante Caju, que estavam no Brasiliense.<\/p>\n\n\n\n<p>Outros nomes, vindos do pr\u00f3prio Jacar\u00e9, podem ser confirmados a qualquer momento como refor\u00e7os do Samambaia para o Candang\u00e3o.<\/p>\n\n\n\n<p>O time tamb\u00e9m anunciou a chegada dos laterais-direito Daniel Mendon\u00e7a, de 20 anos, e Rodrigo Ramos, de 27 anos, dos meias Dandan, de 19 anos, e Diego, de 17 anos, e dos atacantes Michael, de 20 anos, Hugo, de 17 anos, e Giovanny, de 22 anos.<\/p>\n\n\n\n<p>O Samambaia estreia no dia 29 de janeiro, \u00e0s 10h, diante do Capital, no est\u00e1dio JK.<\/p>\n","protected":false},"excerpt":{"rendered":"<p>O &#8220;Cachorro Salsicha&#8221;, que subiu recentemente para a primeira divis\u00e3o do futebol candango, come\u00e7a a mostrar o elenco que vai disputar o Candang\u00e3o 2023. O Samambaia, que ser\u00e1 comandado por Luis dos Reis, iniciou nesta segunda-feira (12) os treinamentos visando a temporada que come\u00e7a em menos de 50 dias. O elenco passou por exames nesta [&hellip;]<\/p>\n","protected":false},"author":2,"featured_media":22694,"comment_status":"closed","ping_status":"closed","sticky":false,"template":"","format":"standard","meta":{"footnotes":""},"categories":[8],"tags":[],"class_list":["post-22812","post","type-post","status-publish","format-standard","has-post-thumbnail","hentry","category-futebol"],"_links":{"self":[{"href":"https:\/\/www.esportesbrasilia.com.br\/noticias\/wp-json\/wp\/v2\/posts\/22812","targetHints":{"allow":["GET"]}}],"collection":[{"href":"https:\/\/www.esportesbrasilia.com.br\/noticias\/wp-json\/wp\/v2\/posts"}],"about":[{"href":"https:\/\/www.esportesbrasilia.com.br\/noticias\/wp-json\/wp\/v2\/types\/post"}],"author":[{"embeddable":true,"href":"https:\/\/www.esportesbrasilia.com.br\/noticias\/wp-json\/wp\/v2\/users\/2"}],"replies":[{"embeddable":true,"href":"https:\/\/www.esportesbrasilia.com.br\/noticias\/wp-json\/wp\/v2\/comments?post=22812"}],"version-history":[{"count":1,"href":"https:\/\/www.esportesbrasilia.com.br\/noticias\/wp-json\/wp\/v2\/posts\/22812\/revisions"}],"predecessor-version":[{"id":22813,"href":"https:\/\/www.esportesbrasilia.com.br\/noticias\/wp-json\/wp\/v2\/posts\/22812\/revisions\/22813"}],"wp:featuredmedia":[{"embeddable":true,"href":"https:\/\/www.esportesbrasilia.com.br\/noticias\/wp-json\/wp\/v2\/media\/22694"}],"wp:attachment":[{"href":"https:\/\/www.esportesbrasilia.com.br\/noticias\/wp-json\/wp\/v2\/media?parent=22812"}],"wp:term":[{"taxonomy":"category","embeddable":true,"href":"https:\/\/www.esportesbrasilia.com.br\/noticias\/wp-json\/wp\/v2\/categories?post=22812"},{"taxonomy":"post_tag","embeddable":true,"href":"https:\/\/www.esportesbrasilia.com.br\/noticias\/wp-json\/wp\/v2\/tags?post=22812"}],"curies":[{"name":"wp","href":"https:\/\/api.w.org\/{rel}","templated":true}]}}