{"id":22800,"date":"2022-12-12T16:26:17","date_gmt":"2022-12-12T19:26:17","guid":{"rendered":"https:\/\/www.esportesbrasilia.com.br\/noticias\/?p=22800"},"modified":"2022-12-12T17:22:43","modified_gmt":"2022-12-12T20:22:43","slug":"jogadoras-do-brasilia-volei-sao-vitimas-de-assalto-apos-treino","status":"publish","type":"post","link":"https:\/\/www.esportesbrasilia.com.br\/noticias\/volei\/jogadoras-do-brasilia-volei-sao-vitimas-de-assalto-apos-treino.html","title":{"rendered":"Jogadoras do Bras\u00edlia V\u00f4lei s\u00e3o v\u00edtimas de assalto ap\u00f3s treino"},"content":{"rendered":"\n<p>O elenco feminino do Bras\u00edlia V\u00f4lei foi v\u00edtima de um assalto nesta segunda-feira (12). Segundo a Pol\u00edcia Militar, um ve\u00edculo, com tr\u00eas passageiros, estacionou em frente ao restaurante onde a equipe almo\u00e7ava ap\u00f3s mais um dia de treino, em Taguatinga Norte.<\/p>\n\n\n\n<p>Um dos passageiros ficou no ve\u00edculo aguardando enquanto outros dois comparsas entraram no restaurante.<\/p>\n\n\n\n<p>Um comparsa rendeu um membro da equipe, imobilizou o rapaz e roubou o celular dele, enquanto o outro recolheu outros tr\u00eas aparelhos celulares das jogadoras. Ningu\u00e9m ficou ferido.<\/p>\n\n\n\n<p>A Pol\u00edcia Civil est\u00e1 investigando o caso. Se voc\u00ea conhecer algum dos suspeitos do crime, denuncie \u00e0 Pol\u00edcia Civil pelo telefone 197.<\/p>\n\n\n\n<p>O Bras\u00edlia V\u00f4lei divulgou uma nota a respeito do assunto:<\/p>\n\n\n\n<blockquote class=\"wp-block-quote is-layout-flow wp-block-quote-is-layout-flow\">\n<p>O Bras\u00edlia V\u00f4lei vem a p\u00fablico esclarecer que&nbsp;na data de 12\/12\/2022 atletas da equipe feminina foram surpreendidas durante o momento do almo\u00e7o em um restaurante da cidade de Taguatinga-DF por dois homens armados que promoveram assalto subtraindo aparelhos celulares e outros pertences das pessoas que estavam presente no local.&nbsp;<br>O Bras\u00edlia informa ainda que as atletas n\u00e3o sofreram agress\u00e3o f\u00edsica e que apesar das perdas materiais est\u00e3o todas bem.&nbsp;<br>Assim, ressaltamos o compromisso de solidariedade a todas as atletas que passaram pelo o ocorrido e nos colocamos a disposi\u00e7\u00e3o.<br>Por oportuno o Bras\u00edlia V\u00f4lei esclarece que repudia qualquer tipo e forma de viol\u00eancia que coloque em cheque a integridade das pessoas.<\/p>\n<\/blockquote>\n","protected":false},"excerpt":{"rendered":"<p>O elenco feminino do Bras\u00edlia V\u00f4lei foi v\u00edtima de um assalto nesta segunda-feira (12). Segundo a Pol\u00edcia Militar, um ve\u00edculo, com tr\u00eas passageiros, estacionou em frente ao restaurante onde a equipe almo\u00e7ava ap\u00f3s mais um dia de treino, em Taguatinga Norte. Um dos passageiros ficou no ve\u00edculo aguardando enquanto outros dois comparsas entraram no restaurante. [&hellip;]<\/p>\n","protected":false},"author":2,"featured_media":22801,"comment_status":"closed","ping_status":"closed","sticky":false,"template":"","format":"standard","meta":{"footnotes":""},"categories":[11],"tags":[],"class_list":["post-22800","post","type-post","status-publish","format-standard","has-post-thumbnail","hentry","category-volei"],"_links":{"self":[{"href":"https:\/\/www.esportesbrasilia.com.br\/noticias\/wp-json\/wp\/v2\/posts\/22800","targetHints":{"allow":["GET"]}}],"collection":[{"href":"https:\/\/www.esportesbrasilia.com.br\/noticias\/wp-json\/wp\/v2\/posts"}],"about":[{"href":"https:\/\/www.esportesbrasilia.com.br\/noticias\/wp-json\/wp\/v2\/types\/post"}],"author":[{"embeddable":true,"href":"https:\/\/www.esportesbrasilia.com.br\/noticias\/wp-json\/wp\/v2\/users\/2"}],"replies":[{"embeddable":true,"href":"https:\/\/www.esportesbrasilia.com.br\/noticias\/wp-json\/wp\/v2\/comments?post=22800"}],"version-history":[{"count":3,"href":"https:\/\/www.esportesbrasilia.com.br\/noticias\/wp-json\/wp\/v2\/posts\/22800\/revisions"}],"predecessor-version":[{"id":22808,"href":"https:\/\/www.esportesbrasilia.com.br\/noticias\/wp-json\/wp\/v2\/posts\/22800\/revisions\/22808"}],"wp:featuredmedia":[{"embeddable":true,"href":"https:\/\/www.esportesbrasilia.com.br\/noticias\/wp-json\/wp\/v2\/media\/22801"}],"wp:attachment":[{"href":"https:\/\/www.esportesbrasilia.com.br\/noticias\/wp-json\/wp\/v2\/media?parent=22800"}],"wp:term":[{"taxonomy":"category","embeddable":true,"href":"https:\/\/www.esportesbrasilia.com.br\/noticias\/wp-json\/wp\/v2\/categories?post=22800"},{"taxonomy":"post_tag","embeddable":true,"href":"https:\/\/www.esportesbrasilia.com.br\/noticias\/wp-json\/wp\/v2\/tags?post=22800"}],"curies":[{"name":"wp","href":"https:\/\/api.w.org\/{rel}","templated":true}]}}