{"id":22790,"date":"2022-12-08T11:52:02","date_gmt":"2022-12-08T14:52:02","guid":{"rendered":"https:\/\/www.esportesbrasilia.com.br\/noticias\/?p=22790"},"modified":"2022-12-08T11:52:03","modified_gmt":"2022-12-08T14:52:03","slug":"fim-da-linha-inter-confirma-jogo-diante-do-corinthians-em-sao-paulo","status":"publish","type":"post","link":"https:\/\/www.esportesbrasilia.com.br\/noticias\/futebol\/fim-da-linha-inter-confirma-jogo-diante-do-corinthians-em-sao-paulo.html","title":{"rendered":"Fim da linha: Inter confirma jogo diante do Corinthians em S\u00e3o Paulo"},"content":{"rendered":"\n<p><strong>Foto: Reprodu\u00e7\u00e3o\/YouTube<\/strong><\/p>\n\n\n\n<p>Os torcedores do Corinthians chegaram a ficar esperan\u00e7osos quando a <strong>Esportes Bras\u00edlia<\/strong> anunciou, em primeira m\u00e3o, no \u00faltimo s\u00e1bado (03), <a href=\"https:\/\/www.esportesbrasilia.com.br\/noticias\/futebol\/arena-brb-mane-garrincha-pode-receber-partida-do-campeonato-paulista-2023.html\" data-type=\"post\" data-id=\"22750\">que o confronto do alvinegro paulista diante da Inter de Limeira poderia acontecer em Bras\u00edlia<\/a>.<\/p>\n\n\n\n<p>Poderia. A assessoria de imprensa da Inter confirmou, nesta quarta-feira (07), que a contraproposta do clube foi recusada e o jogo foi confirmado para o est\u00e1dio Limeir\u00e3o, em 22 de janeiro.<\/p>\n\n\n\n<p>Depois de ter sido sondado para vender o mando de campo por R$ 1 milh\u00e3o, uma outra proposta foi feita: a venda da bilheteria do jogo, o que foi recha\u00e7ada pela diretoria do clube interiorano.<\/p>\n\n\n\n<p>&#8220;A prioridade sempre \u00e9 o torcedor. Temos certeza que juntos faremos uma festa hist\u00f3rica e, para isso, contamos com o apoio de todos os leoninos e limeirenses para lotar nossa casa e agitar nossa cidade&#8221;, disse o presidente Danilo Maluf, por meio da assessoria de imprensa.<\/p>\n","protected":false},"excerpt":{"rendered":"<p>Foto: Reprodu\u00e7\u00e3o\/YouTube Os torcedores do Corinthians chegaram a ficar esperan\u00e7osos quando a Esportes Bras\u00edlia anunciou, em primeira m\u00e3o, no \u00faltimo s\u00e1bado (03), que o confronto do alvinegro paulista diante da Inter de Limeira poderia acontecer em Bras\u00edlia. Poderia. A assessoria de imprensa da Inter confirmou, nesta quarta-feira (07), que a contraproposta do clube foi recusada [&hellip;]<\/p>\n","protected":false},"author":2,"featured_media":22791,"comment_status":"closed","ping_status":"closed","sticky":false,"template":"","format":"standard","meta":{"footnotes":""},"categories":[8],"tags":[],"class_list":["post-22790","post","type-post","status-publish","format-standard","has-post-thumbnail","hentry","category-futebol"],"_links":{"self":[{"href":"https:\/\/www.esportesbrasilia.com.br\/noticias\/wp-json\/wp\/v2\/posts\/22790","targetHints":{"allow":["GET"]}}],"collection":[{"href":"https:\/\/www.esportesbrasilia.com.br\/noticias\/wp-json\/wp\/v2\/posts"}],"about":[{"href":"https:\/\/www.esportesbrasilia.com.br\/noticias\/wp-json\/wp\/v2\/types\/post"}],"author":[{"embeddable":true,"href":"https:\/\/www.esportesbrasilia.com.br\/noticias\/wp-json\/wp\/v2\/users\/2"}],"replies":[{"embeddable":true,"href":"https:\/\/www.esportesbrasilia.com.br\/noticias\/wp-json\/wp\/v2\/comments?post=22790"}],"version-history":[{"count":1,"href":"https:\/\/www.esportesbrasilia.com.br\/noticias\/wp-json\/wp\/v2\/posts\/22790\/revisions"}],"predecessor-version":[{"id":22792,"href":"https:\/\/www.esportesbrasilia.com.br\/noticias\/wp-json\/wp\/v2\/posts\/22790\/revisions\/22792"}],"wp:featuredmedia":[{"embeddable":true,"href":"https:\/\/www.esportesbrasilia.com.br\/noticias\/wp-json\/wp\/v2\/media\/22791"}],"wp:attachment":[{"href":"https:\/\/www.esportesbrasilia.com.br\/noticias\/wp-json\/wp\/v2\/media?parent=22790"}],"wp:term":[{"taxonomy":"category","embeddable":true,"href":"https:\/\/www.esportesbrasilia.com.br\/noticias\/wp-json\/wp\/v2\/categories?post=22790"},{"taxonomy":"post_tag","embeddable":true,"href":"https:\/\/www.esportesbrasilia.com.br\/noticias\/wp-json\/wp\/v2\/tags?post=22790"}],"curies":[{"name":"wp","href":"https:\/\/api.w.org\/{rel}","templated":true}]}}