{"id":22774,"date":"2022-12-05T23:44:00","date_gmt":"2022-12-06T02:44:00","guid":{"rendered":"https:\/\/www.esportesbrasilia.com.br\/noticias\/?p=22774"},"modified":"2022-12-06T10:58:00","modified_gmt":"2022-12-06T13:58:00","slug":"abel-foi-o-unico-portugues-com-codigos-que-sobrou","status":"publish","type":"post","link":"https:\/\/www.esportesbrasilia.com.br\/noticias\/colunas\/notatico\/abel-foi-o-unico-portugues-com-codigos-que-sobrou.html","title":{"rendered":"Abel foi o \u00fanico portugu\u00eas com c\u00f3digos que sobrou"},"content":{"rendered":"\n<p>Paulo Martins<\/p>\n\n\n\n<p>Irrespons\u00e1vel, calunioso e vendido. Certamente n\u00e3o somente eu escrevo estas palavras como os corintianos devem diz\u00ea-las quando V\u00edtor Pereira voltar \u00e0 Neo Qu\u00edmica Arena. Caso esteja em seu cargo quando do pr\u00f3ximo jogo do Flamengo por l\u00e1.<\/p>\n\n\n\n<p>Ao rubro-negro carioca cabem as mesmas coloca\u00e7\u00f5es, ao se desfazer com tamanha ingratid\u00e3o de um dos seus t\u00e9cnicos campe\u00f5es da Am\u00e9rica. Chutou um campe\u00e3o e trouxe um desconhecido, tal e qual como fez quando Andrade tirou o Fla da fila do Campeonato Brasileiro de 2009.<\/p>\n\n\n\n<p>Ora, o novo portugu\u00eas da casamata magn\u00e9tica foi contratado por um segundo tempo em final de Copa do Brasil. Em qualquer momento foi perfeitamente brilhante com o Tim\u00e3o: teve medo nos cl\u00e1ssicos, contra o Boca e contra o Flamengo na Libertadores.<\/p>\n\n\n\n<p>A amargura da Fiel e de Dorival Jr devem ser tamanhas que a uni\u00e3o dos lesados encaixaria perfeitamente no ideal e nas pretens\u00f5es de 2023. O treinador campe\u00e3o continental e do Brasil, seja como seja, subiu de prateleira na sua profiss\u00e3o.<\/p>\n\n\n\n<p>E, pasmem, n\u00e3o surpreende o rubro-negro estar metido com portugu\u00eas sem palavra. Ontem tra\u00eddo por Jorge Jesus, hoje fazendo V\u00edtor Pereira trair o Corinthians.<\/p>\n\n\n\n<p>E o \u00fanico luso com os devidos c\u00f3digos foi fiel \u00e0 continuidade de seu trabalho e de sua j\u00e1 gloriosa carreira. At\u00e9 2024, de acordo com os termos atuais, caso Leila Pereira (sempre esse sobrenome\u2026 ainda que eu tenha bons amigos com dito registro) n\u00e3o interfira, Abel Ferreira ser\u00e1 o \u00fanico da terrinha a cumprir o que diz, sem inventar anedotas sobre sua sogra. Citando o mesmo: &#8220;Para bom entendendor, meia palavra basta&#8221;.<\/p>\n","protected":false},"excerpt":{"rendered":"<p>Paulo Martins Irrespons\u00e1vel, calunioso e vendido. Certamente n\u00e3o somente eu escrevo estas palavras como os corintianos devem diz\u00ea-las quando V\u00edtor Pereira voltar \u00e0 Neo Qu\u00edmica Arena. Caso esteja em seu cargo quando do pr\u00f3ximo jogo do Flamengo por l\u00e1. Ao rubro-negro carioca cabem as mesmas coloca\u00e7\u00f5es, ao se desfazer com tamanha ingratid\u00e3o de um dos [&hellip;]<\/p>\n","protected":false},"author":1,"featured_media":21716,"comment_status":"closed","ping_status":"closed","sticky":false,"template":"","format":"standard","meta":{"footnotes":""},"categories":[1029],"tags":[],"class_list":["post-22774","post","type-post","status-publish","format-standard","has-post-thumbnail","hentry","category-notatico"],"_links":{"self":[{"href":"https:\/\/www.esportesbrasilia.com.br\/noticias\/wp-json\/wp\/v2\/posts\/22774","targetHints":{"allow":["GET"]}}],"collection":[{"href":"https:\/\/www.esportesbrasilia.com.br\/noticias\/wp-json\/wp\/v2\/posts"}],"about":[{"href":"https:\/\/www.esportesbrasilia.com.br\/noticias\/wp-json\/wp\/v2\/types\/post"}],"author":[{"embeddable":true,"href":"https:\/\/www.esportesbrasilia.com.br\/noticias\/wp-json\/wp\/v2\/users\/1"}],"replies":[{"embeddable":true,"href":"https:\/\/www.esportesbrasilia.com.br\/noticias\/wp-json\/wp\/v2\/comments?post=22774"}],"version-history":[{"count":1,"href":"https:\/\/www.esportesbrasilia.com.br\/noticias\/wp-json\/wp\/v2\/posts\/22774\/revisions"}],"predecessor-version":[{"id":22775,"href":"https:\/\/www.esportesbrasilia.com.br\/noticias\/wp-json\/wp\/v2\/posts\/22774\/revisions\/22775"}],"wp:featuredmedia":[{"embeddable":true,"href":"https:\/\/www.esportesbrasilia.com.br\/noticias\/wp-json\/wp\/v2\/media\/21716"}],"wp:attachment":[{"href":"https:\/\/www.esportesbrasilia.com.br\/noticias\/wp-json\/wp\/v2\/media?parent=22774"}],"wp:term":[{"taxonomy":"category","embeddable":true,"href":"https:\/\/www.esportesbrasilia.com.br\/noticias\/wp-json\/wp\/v2\/categories?post=22774"},{"taxonomy":"post_tag","embeddable":true,"href":"https:\/\/www.esportesbrasilia.com.br\/noticias\/wp-json\/wp\/v2\/tags?post=22774"}],"curies":[{"name":"wp","href":"https:\/\/api.w.org\/{rel}","templated":true}]}}