{"id":22750,"date":"2022-12-03T14:22:50","date_gmt":"2022-12-03T17:22:50","guid":{"rendered":"https:\/\/www.esportesbrasilia.com.br\/noticias\/?p=22750"},"modified":"2022-12-03T14:23:50","modified_gmt":"2022-12-03T17:23:50","slug":"arena-brb-mane-garrincha-pode-receber-partida-do-campeonato-paulista-2023","status":"publish","type":"post","link":"https:\/\/www.esportesbrasilia.com.br\/noticias\/futebol\/arena-brb-mane-garrincha-pode-receber-partida-do-campeonato-paulista-2023.html","title":{"rendered":"Arena BRB Man\u00e9 Garrincha pode receber partida do Campeonato Paulista 2023"},"content":{"rendered":"\n<p>A diretoria da Internacional de Limeira\/SP, equipe que disputa o Campeonato Paulista, recebeu uma proposta de um grupo de empres\u00e1rios para poder sediar o confronto diante do Corinthians, na Arena BRB Man\u00e9 Garrincha.<\/p>\n\n\n\n<p>A informa\u00e7\u00e3o foi divulgada na \u00faltima sexta-feira (02) pelo jornalista Igor Sedano, da <em>Melhor FM Limeira<\/em>. Segundo Igor, a diretoria da Inter teria recebido uma proposta de R$ 1 milh\u00e3o para transferir a partida para a capital federal, marcada para o dia 22 de janeiro.<\/p>\n\n\n\n<p>O presidente do time, Danilo Maluf, teria se reunido com a comiss\u00e3o t\u00e9cnica e a diretoria da equipe. Nenhum dos entes teria se oposto \u00e0 mudan\u00e7a de sede. No entanto, Maluf deve fazer uma contraproposta de R$ 2 milh\u00f5es pela venda de mando de campo.<\/p>\n\n\n\n<p>\u201cA\u00ed n\u00e3o teria jeito de falar n\u00e3o. Estamos falando do futuro financeiro da Internacional. Esse dinheiro poderia ser usado para formar um time forte na S\u00e9rie D do Brasileiro, visando o acesso. Daria para pagar d\u00edvidas tamb\u00e9m. A\u00ed o torcedor teria que entender nossa decis\u00e3o. Nesse momento eu n\u00e3o penso em jogar em Bras\u00edlia. Tem muita gente me pedindo para n\u00e3o fazer isso. Mas as cifras s\u00e3o altas\u201d, comentou Danilo, em entrevista ao site <em>R\u00e1pido No Ar<\/em>.<\/p>\n\n\n\n<p>O regulamento do Campeonato Paulista n\u00e3o impede a transfer\u00eancia de partidas para outras sedes, desde que seja acordado com o estado que receber\u00e1 o confronto e com a anu\u00eancia dos dois times.<\/p>\n","protected":false},"excerpt":{"rendered":"<p>A diretoria da Internacional de Limeira\/SP, equipe que disputa o Campeonato Paulista, recebeu uma proposta de um grupo de empres\u00e1rios para poder sediar o confronto diante do Corinthians, na Arena BRB Man\u00e9 Garrincha. A informa\u00e7\u00e3o foi divulgada na \u00faltima sexta-feira (02) pelo jornalista Igor Sedano, da Melhor FM Limeira. Segundo Igor, a diretoria da Inter [&hellip;]<\/p>\n","protected":false},"author":2,"featured_media":21931,"comment_status":"closed","ping_status":"closed","sticky":false,"template":"","format":"standard","meta":{"footnotes":""},"categories":[8],"tags":[],"class_list":["post-22750","post","type-post","status-publish","format-standard","has-post-thumbnail","hentry","category-futebol"],"_links":{"self":[{"href":"https:\/\/www.esportesbrasilia.com.br\/noticias\/wp-json\/wp\/v2\/posts\/22750","targetHints":{"allow":["GET"]}}],"collection":[{"href":"https:\/\/www.esportesbrasilia.com.br\/noticias\/wp-json\/wp\/v2\/posts"}],"about":[{"href":"https:\/\/www.esportesbrasilia.com.br\/noticias\/wp-json\/wp\/v2\/types\/post"}],"author":[{"embeddable":true,"href":"https:\/\/www.esportesbrasilia.com.br\/noticias\/wp-json\/wp\/v2\/users\/2"}],"replies":[{"embeddable":true,"href":"https:\/\/www.esportesbrasilia.com.br\/noticias\/wp-json\/wp\/v2\/comments?post=22750"}],"version-history":[{"count":3,"href":"https:\/\/www.esportesbrasilia.com.br\/noticias\/wp-json\/wp\/v2\/posts\/22750\/revisions"}],"predecessor-version":[{"id":22754,"href":"https:\/\/www.esportesbrasilia.com.br\/noticias\/wp-json\/wp\/v2\/posts\/22750\/revisions\/22754"}],"wp:featuredmedia":[{"embeddable":true,"href":"https:\/\/www.esportesbrasilia.com.br\/noticias\/wp-json\/wp\/v2\/media\/21931"}],"wp:attachment":[{"href":"https:\/\/www.esportesbrasilia.com.br\/noticias\/wp-json\/wp\/v2\/media?parent=22750"}],"wp:term":[{"taxonomy":"category","embeddable":true,"href":"https:\/\/www.esportesbrasilia.com.br\/noticias\/wp-json\/wp\/v2\/categories?post=22750"},{"taxonomy":"post_tag","embeddable":true,"href":"https:\/\/www.esportesbrasilia.com.br\/noticias\/wp-json\/wp\/v2\/tags?post=22750"}],"curies":[{"name":"wp","href":"https:\/\/api.w.org\/{rel}","templated":true}]}}