{"id":22667,"date":"2022-11-23T10:12:02","date_gmt":"2022-11-23T13:12:02","guid":{"rendered":"https:\/\/www.esportesbrasilia.com.br\/noticias\/?p=22667"},"modified":"2022-11-23T10:12:03","modified_gmt":"2022-11-23T13:12:03","slug":"atletas-do-df-sao-selecionadas-para-o-jogo-das-estrelas-de-futebol-feminino","status":"publish","type":"post","link":"https:\/\/www.esportesbrasilia.com.br\/noticias\/futebol\/atletas-do-df-sao-selecionadas-para-o-jogo-das-estrelas-de-futebol-feminino.html","title":{"rendered":"Atletas do DF s\u00e3o selecionadas para o Jogo das Estrelas de futebol feminino"},"content":{"rendered":"\n<p>Pela primeira vez, um Jogo das Estrelas com atletas de futebol feminino ser\u00e1 realizado no Brasil. O jogo, comandado pelas jogadoras Pretinha e Roseli, que j\u00e1 vestiram a camisa da sele\u00e7\u00e3o brasileira, acontece neste s\u00e1bado (26), na Arena Barueri em S\u00e3o Paulo, com transmiss\u00e3o da Eleven Sports.<\/p>\n\n\n\n<p>Para definir quem participaria deste confronto, foi aberta uma vota\u00e7\u00e3o popular. Foram registrados quase 50 mil votos, englobando jogadoras que disputaram as s\u00e9ries A1 e A2 do Campeonato Brasileiro feminino.<\/p>\n\n\n\n<p>O Distrito Federal teve tr\u00eas jogadoras escolhidas. A meia Gaby Soares, do Real Bras\u00edlia, vai fazer parte da escala\u00e7\u00e3o do time Roseli.<\/p>\n\n\n\n<p>J\u00e1 a meia Camila Pini, do Real Bras\u00edlia, e a atacante Katyelle Alves, do Minas Bras\u00edlia, foram selecionadas para representar o time Pretinha.<\/p>\n\n\n\n<p>Confira os elencos completos:<\/p>\n\n\n\n<p><strong>Time Roseli:<\/strong><\/p>\n\n\n\n<p>Lorena Leite (Goleira \u2013 Gr\u00eamio)<br>Fabi (Lateral direita \u2013 Internacional)<br>Pardal (Zagueira \u2013 S\u00e3o Paulo)<br>Sorriso (Zagueira \u2013 Internacional)<br>Daiane Medeiros (Zagueira \u2013 Flamengo)<br>Barbara (Lateral esquerda \u2013 Bahia)<br>Jojo (Lateral esquerda \u2013 Athletico Paranaense)<br>Micaelly (Meia \u2013 S\u00e3o Paulo), <br>Ana Carla (Meia \u2013 Santos)<br>Gaby Soares (Meia \u2013 Real Bras\u00edlia)<br>Mayara Vaz (Meia \u2013 Botafogo), <br>C\u00e1ssia (Atacante \u2013 Gr\u00eamio)<br>Ellen (Atacante \u2013 Bahia)<br>Sol (Atacante \u2013 Athletico Paranaense)<br>Mariana Santos (Atacante \u2013 Cruzeiro)<\/p>\n\n\n\n<p><strong>Time Pretinha:<\/strong><\/p>\n\n\n\n<p>Camila (Goleira \u2013 Bahia)<br>La\u00eds Giacomel (Lateral direita \u2013 Gr\u00eamio)<br>Bruna Benites (Zagueira \u2013 Internacional)<br>Amanda Christina (Zagueira \u2013 Real Ariquemes)<br>Ana Rebeca (Zagueira \u2013 Cear\u00e1), <br>Fe Palermo (Lateral esquerda \u2013 S\u00e3o Paulo)<br>Brena (Meia \u2013 Santos)<br>Edna Baiana (Meia \u2013 Cear\u00e1)<br>Camila Pini (Meia \u2013 Real Bras\u00edlia)<br>Gabriele Barrozo (Meia \u2013 Real Ariquemes)<br>Rafa Traval\u00e3o (Atacante \u2013 S\u00e3o Paulo)<br>Monique Correa (Atacante \u2013 Athletico Paranaense)<br>Katyelle Alves (Atacante \u2013 Minas Brasilia)<br>Leidi (Atacante \u2013 Flamengo)<\/p>\n","protected":false},"excerpt":{"rendered":"<p>Pela primeira vez, um Jogo das Estrelas com atletas de futebol feminino ser\u00e1 realizado no Brasil. O jogo, comandado pelas jogadoras Pretinha e Roseli, que j\u00e1 vestiram a camisa da sele\u00e7\u00e3o brasileira, acontece neste s\u00e1bado (26), na Arena Barueri em S\u00e3o Paulo, com transmiss\u00e3o da Eleven Sports. Para definir quem participaria deste confronto, foi aberta [&hellip;]<\/p>\n","protected":false},"author":2,"featured_media":22668,"comment_status":"closed","ping_status":"closed","sticky":false,"template":"","format":"standard","meta":{"footnotes":""},"categories":[8],"tags":[],"class_list":["post-22667","post","type-post","status-publish","format-standard","has-post-thumbnail","hentry","category-futebol"],"_links":{"self":[{"href":"https:\/\/www.esportesbrasilia.com.br\/noticias\/wp-json\/wp\/v2\/posts\/22667","targetHints":{"allow":["GET"]}}],"collection":[{"href":"https:\/\/www.esportesbrasilia.com.br\/noticias\/wp-json\/wp\/v2\/posts"}],"about":[{"href":"https:\/\/www.esportesbrasilia.com.br\/noticias\/wp-json\/wp\/v2\/types\/post"}],"author":[{"embeddable":true,"href":"https:\/\/www.esportesbrasilia.com.br\/noticias\/wp-json\/wp\/v2\/users\/2"}],"replies":[{"embeddable":true,"href":"https:\/\/www.esportesbrasilia.com.br\/noticias\/wp-json\/wp\/v2\/comments?post=22667"}],"version-history":[{"count":1,"href":"https:\/\/www.esportesbrasilia.com.br\/noticias\/wp-json\/wp\/v2\/posts\/22667\/revisions"}],"predecessor-version":[{"id":22669,"href":"https:\/\/www.esportesbrasilia.com.br\/noticias\/wp-json\/wp\/v2\/posts\/22667\/revisions\/22669"}],"wp:featuredmedia":[{"embeddable":true,"href":"https:\/\/www.esportesbrasilia.com.br\/noticias\/wp-json\/wp\/v2\/media\/22668"}],"wp:attachment":[{"href":"https:\/\/www.esportesbrasilia.com.br\/noticias\/wp-json\/wp\/v2\/media?parent=22667"}],"wp:term":[{"taxonomy":"category","embeddable":true,"href":"https:\/\/www.esportesbrasilia.com.br\/noticias\/wp-json\/wp\/v2\/categories?post=22667"},{"taxonomy":"post_tag","embeddable":true,"href":"https:\/\/www.esportesbrasilia.com.br\/noticias\/wp-json\/wp\/v2\/tags?post=22667"}],"curies":[{"name":"wp","href":"https:\/\/api.w.org\/{rel}","templated":true}]}}