{"id":22647,"date":"2022-11-21T16:32:15","date_gmt":"2022-11-21T19:32:15","guid":{"rendered":"https:\/\/www.esportesbrasilia.com.br\/noticias\/?p=22647"},"modified":"2022-11-21T16:32:16","modified_gmt":"2022-11-21T19:32:16","slug":"novacap-apresenta-vencedora-de-processo-para-reforma-do-bezerrao","status":"publish","type":"post","link":"https:\/\/www.esportesbrasilia.com.br\/noticias\/futebol\/novacap-apresenta-vencedora-de-processo-para-reforma-do-bezerrao.html","title":{"rendered":"Novacap apresenta vencedora de processo para reforma do Bezerr\u00e3o"},"content":{"rendered":"\n<p><strong>Foto: Carlos Junior Garcia\/Arquivo EB<\/strong><\/p>\n\n\n\n<p>A Novacap apresentou, somente nesta segunda-feira (21), mais de 50 dias ap\u00f3s a realiza\u00e7\u00e3o do processo de licita\u00e7\u00e3o, a empresa que ser\u00e1 respons\u00e1vel pela reforma do gramado do est\u00e1dio Bezerr\u00e3o, ap\u00f3s o uso por parte do GDF do local para a constru\u00e7\u00e3o de um hospital de campanha, visando atender casos da Covid-19.<\/p>\n\n\n\n<p>A Green Gramados Esportivos foi a empresa vencedora do certame e ter\u00e1 90 dias para entregar o gramado do est\u00e1dio reformado. O contrato ter\u00e1 o valor de R$ 628.996,95, quase 29% a menos do que foi disponibilizado no edital. O resultado j\u00e1 foi publicado no Di\u00e1rio Oficial do Distrito Federal.<\/p>\n\n\n<div class=\"wp-block-image\">\n<figure class=\"aligncenter size-full\"><img loading=\"lazy\" decoding=\"async\" width=\"619\" height=\"310\" src=\"https:\/\/www.esportesbrasilia.com.br\/noticias\/wp-content\/uploads\/vencedoralicitacaobezerrao.png\" alt=\"\" class=\"wp-image-22648\" srcset=\"https:\/\/www.esportesbrasilia.com.br\/noticias\/wp-content\/uploads\/vencedoralicitacaobezerrao.png 619w, https:\/\/www.esportesbrasilia.com.br\/noticias\/wp-content\/uploads\/vencedoralicitacaobezerrao-300x150.png 300w\" sizes=\"auto, (max-width: 619px) 100vw, 619px\" \/><figcaption class=\"wp-element-caption\">Foto: reprodu\u00e7\u00e3o DODF 21.11.22<\/figcaption><\/figure>\n<\/div>\n\n\n<p>Se contarmos este prazo, o est\u00e1dio somente estaria dispon\u00edvel no in\u00edcio do m\u00eas de mar\u00e7o, onde o Candang\u00e3o 2023 j\u00e1 estaria com a metade da disputa em curso.<\/p>\n\n\n\n<p>Por conta disso, a diretoria do Gama, que mais utiliza o est\u00e1dio, j\u00e1 est\u00e1 procurando alternativas para as partidas como mandante.<\/p>\n\n\n\n<p>Um dos poss\u00edveis locais \u00e9 o est\u00e1dio Luiz Alfredo, localizado no Novo Gama\/GO e reinaugurado neste domingo (20). A diretoria alviverde visitou o local neste fim de semana e pode, caso seja aprovado, utilizar o local para sediar partidas do time. <\/p>\n","protected":false},"excerpt":{"rendered":"<p>Foto: Carlos Junior Garcia\/Arquivo EB A Novacap apresentou, somente nesta segunda-feira (21), mais de 50 dias ap\u00f3s a realiza\u00e7\u00e3o do processo de licita\u00e7\u00e3o, a empresa que ser\u00e1 respons\u00e1vel pela reforma do gramado do est\u00e1dio Bezerr\u00e3o, ap\u00f3s o uso por parte do GDF do local para a constru\u00e7\u00e3o de um hospital de campanha, visando atender casos [&hellip;]<\/p>\n","protected":false},"author":2,"featured_media":1120,"comment_status":"closed","ping_status":"closed","sticky":false,"template":"","format":"standard","meta":{"footnotes":""},"categories":[8],"tags":[],"class_list":["post-22647","post","type-post","status-publish","format-standard","has-post-thumbnail","hentry","category-futebol"],"_links":{"self":[{"href":"https:\/\/www.esportesbrasilia.com.br\/noticias\/wp-json\/wp\/v2\/posts\/22647","targetHints":{"allow":["GET"]}}],"collection":[{"href":"https:\/\/www.esportesbrasilia.com.br\/noticias\/wp-json\/wp\/v2\/posts"}],"about":[{"href":"https:\/\/www.esportesbrasilia.com.br\/noticias\/wp-json\/wp\/v2\/types\/post"}],"author":[{"embeddable":true,"href":"https:\/\/www.esportesbrasilia.com.br\/noticias\/wp-json\/wp\/v2\/users\/2"}],"replies":[{"embeddable":true,"href":"https:\/\/www.esportesbrasilia.com.br\/noticias\/wp-json\/wp\/v2\/comments?post=22647"}],"version-history":[{"count":1,"href":"https:\/\/www.esportesbrasilia.com.br\/noticias\/wp-json\/wp\/v2\/posts\/22647\/revisions"}],"predecessor-version":[{"id":22649,"href":"https:\/\/www.esportesbrasilia.com.br\/noticias\/wp-json\/wp\/v2\/posts\/22647\/revisions\/22649"}],"wp:featuredmedia":[{"embeddable":true,"href":"https:\/\/www.esportesbrasilia.com.br\/noticias\/wp-json\/wp\/v2\/media\/1120"}],"wp:attachment":[{"href":"https:\/\/www.esportesbrasilia.com.br\/noticias\/wp-json\/wp\/v2\/media?parent=22647"}],"wp:term":[{"taxonomy":"category","embeddable":true,"href":"https:\/\/www.esportesbrasilia.com.br\/noticias\/wp-json\/wp\/v2\/categories?post=22647"},{"taxonomy":"post_tag","embeddable":true,"href":"https:\/\/www.esportesbrasilia.com.br\/noticias\/wp-json\/wp\/v2\/tags?post=22647"}],"curies":[{"name":"wp","href":"https:\/\/api.w.org\/{rel}","templated":true}]}}