{"id":22635,"date":"2022-11-20T15:05:36","date_gmt":"2022-11-20T18:05:36","guid":{"rendered":"https:\/\/www.esportesbrasilia.com.br\/noticias\/?p=22635"},"modified":"2022-11-20T15:05:36","modified_gmt":"2022-11-20T18:05:36","slug":"enner-valencia-marca-dois-e-equador-vence-qatar-na-abertura-da-copa-do-mundo","status":"publish","type":"post","link":"https:\/\/www.esportesbrasilia.com.br\/noticias\/futebol\/copadomundo2022\/enner-valencia-marca-dois-e-equador-vence-qatar-na-abertura-da-copa-do-mundo.html","title":{"rendered":"Enner Val\u00eancia marca dois e Equador vence Qatar na abertura da Copa do Mundo"},"content":{"rendered":"\n<p>Depois de 40 anos, a Copa do Mundo da FIFA teve o primeiro jogo sendo realizado num domingo. E nesta edi\u00e7\u00e3o, o Qatar, time anfitri\u00e3o, recebeu o Equador no est\u00e1dio Al Bayt. Os cataris at\u00e9 que se esfor\u00e7aram em campo, mas os equatorianos mostraram o favoritismo e venceram por 2&#215;0.<\/p>\n\n\n\n<p>Os gols sa\u00edram no primeiro tempo. Aos tr\u00eas minutos, depois de uma falha do goleiro do Qatar, a bola \u00e9 cabe\u00e7ada na grande \u00e1rea e Val\u00eancia pega de voleio para o gol. No entanto, o \u00e1rbitro Daniele Orsato invalida o gol, alegando uma falta na grande \u00e1rea do time catari.<\/p>\n\n\n\n<p>J\u00e1 aos 14 minutos, Enner Val\u00eancia \u00e9 derrubado pelo goleiro do Qatar na grande \u00e1rea. A arbitragem marca penalidade m\u00e1xima. Ele bate no canto esquerdo do goleiro Alsheeb e abre o placar. <\/p>\n\n\n\n<p>Com 30 minutos, Preciado avan\u00e7a pela esquerda e cruza na medida para Enner Val\u00eancia, sem marca\u00e7\u00e3o, testar firme pro fundo do gol, ampliando o marcador no est\u00e1dio Al Bayt.<\/p>\n\n\n\n<p>O Qatar teve uma grande chance, aos 40 minutos do segundo tempo, mas a bola foi por cima do goleiro equatoriano. Os sul-americanos apenas administraram o resultado e confirmaram a vit\u00f3ria por 2&#215;0.<\/p>\n\n\n\n<p class=\"has-text-align-center\"><strong>COPA DO MUNDO DA FIFA QATAR 2022 &#8211; 1\u00aa RODADA<br>QATAR 0-2 EQUADOR<br>20.11.22 &#8211; EST\u00c1DIO AL BAYT &#8211; DOHA<\/strong><\/p>\n\n\n\n<p>P\u00fablico Presente: 67.372 espectadores<\/p>\n\n\n\n<p>Cart\u00f5es Amarelos:<br>Alsheeb, Ali, Boudiaf (Qatar)<br>Caicedo, Mendez, Afif (Equador)<\/p>\n\n\n\n<p>QATAR<br>Al-Sheeb, Pedro Miguel, Al-Rawi, Khoukhi, Abdelkarim Hassan e Homam Ahmed; Hatim, Boudiaf e Al-Haydos (Waad); Akram Afif e Almoez Ali (Muntari).<br>T\u00e9cnico: F\u00e9lix S\u00e1nchez<\/p>\n\n\n\n<p>EQUADOR<br>Gal\u00edndez; \u00c1ngelo Preciado, F\u00e9lix Torres, Hincapi\u00e9 e Estupi\u00f1\u00e1n; Jhegson M\u00e9ndez, Mois\u00e9s Caicedo (Franco), Plata, Romario Ibarra (Sarmiento); Estrada (Kevin Rodriguez) e Enner Valencia (Cifuente).<br>T\u00e9cnico: Gustavo Alfaro.<\/p>\n","protected":false},"excerpt":{"rendered":"<p>Depois de 40 anos, a Copa do Mundo da FIFA teve o primeiro jogo sendo realizado num domingo. E nesta edi\u00e7\u00e3o, o Qatar, time anfitri\u00e3o, recebeu o Equador no est\u00e1dio Al Bayt. Os cataris at\u00e9 que se esfor\u00e7aram em campo, mas os equatorianos mostraram o favoritismo e venceram por 2&#215;0. Os gols sa\u00edram no primeiro [&hellip;]<\/p>\n","protected":false},"author":2,"featured_media":22637,"comment_status":"closed","ping_status":"closed","sticky":false,"template":"","format":"standard","meta":{"footnotes":""},"categories":[778],"tags":[],"class_list":["post-22635","post","type-post","status-publish","format-standard","has-post-thumbnail","hentry","category-copadomundo2022"],"_links":{"self":[{"href":"https:\/\/www.esportesbrasilia.com.br\/noticias\/wp-json\/wp\/v2\/posts\/22635","targetHints":{"allow":["GET"]}}],"collection":[{"href":"https:\/\/www.esportesbrasilia.com.br\/noticias\/wp-json\/wp\/v2\/posts"}],"about":[{"href":"https:\/\/www.esportesbrasilia.com.br\/noticias\/wp-json\/wp\/v2\/types\/post"}],"author":[{"embeddable":true,"href":"https:\/\/www.esportesbrasilia.com.br\/noticias\/wp-json\/wp\/v2\/users\/2"}],"replies":[{"embeddable":true,"href":"https:\/\/www.esportesbrasilia.com.br\/noticias\/wp-json\/wp\/v2\/comments?post=22635"}],"version-history":[{"count":2,"href":"https:\/\/www.esportesbrasilia.com.br\/noticias\/wp-json\/wp\/v2\/posts\/22635\/revisions"}],"predecessor-version":[{"id":22638,"href":"https:\/\/www.esportesbrasilia.com.br\/noticias\/wp-json\/wp\/v2\/posts\/22635\/revisions\/22638"}],"wp:featuredmedia":[{"embeddable":true,"href":"https:\/\/www.esportesbrasilia.com.br\/noticias\/wp-json\/wp\/v2\/media\/22637"}],"wp:attachment":[{"href":"https:\/\/www.esportesbrasilia.com.br\/noticias\/wp-json\/wp\/v2\/media?parent=22635"}],"wp:term":[{"taxonomy":"category","embeddable":true,"href":"https:\/\/www.esportesbrasilia.com.br\/noticias\/wp-json\/wp\/v2\/categories?post=22635"},{"taxonomy":"post_tag","embeddable":true,"href":"https:\/\/www.esportesbrasilia.com.br\/noticias\/wp-json\/wp\/v2\/tags?post=22635"}],"curies":[{"name":"wp","href":"https:\/\/api.w.org\/{rel}","templated":true}]}}