{"id":22617,"date":"2022-11-16T16:55:32","date_gmt":"2022-11-16T19:55:32","guid":{"rendered":"https:\/\/www.esportesbrasilia.com.br\/noticias\/?p=22617"},"modified":"2022-11-16T16:55:33","modified_gmt":"2022-11-16T19:55:33","slug":"ffdf-divulga-calendario-do-futebol-candango-em-2023","status":"publish","type":"post","link":"https:\/\/www.esportesbrasilia.com.br\/noticias\/futebol\/ffdf-divulga-calendario-do-futebol-candango-em-2023.html","title":{"rendered":"FFDF divulga calend\u00e1rio do futebol candango em 2023"},"content":{"rendered":"\n<p>Os times filiados \u00e0 Federa\u00e7\u00e3o de Futebol do Distrito Federal se reuniram nesta quarta-feira (16), em uma assembleia, na sede da entidade, para definir os rumos do futebol candango em 2023.<\/p>\n\n\n\n<p>No encontro, foi definido o calend\u00e1rio do futebol na capital federal na pr\u00f3xima temporada, al\u00e9m de terem sido ratificados os dias de in\u00edcio e final do Candang\u00e3o 2023, que j\u00e1 haviam sido definidos no Conselho Arbitral em outubro.<\/p>\n\n\n\n<p>Com isso, o Candang\u00e3o 2023 come\u00e7a em 28 de janeiro e termina em 15 de abril. Al\u00e9m disso, a FFDF definiu o calend\u00e1rio para as categorias sub-11, sub-13, sub-15, sub-17, Juniores e Feminino, bem como para a Segundinha do ano que vem.<\/p>\n\n\n\n<p>Confira como ficar\u00e1 o calend\u00e1rio do futebol candango:<\/p>\n\n\n\n<figure class=\"wp-block-table is-style-stripes\"><table><tbody><tr><td><strong>Competi\u00e7\u00e3o<\/strong><\/td><td><strong>Per\u00edodo<\/strong><\/td><\/tr><tr><td>Candang\u00e3o S\u00e9rie A<\/td><td>28.01.23 a 15.04.23<\/td><\/tr><tr><td>Candang\u00e3o S\u00e9rie B<\/td><td>19.08.23 a 07.10.23<\/td><\/tr><tr><td>Candang\u00e3o Feminino<\/td><td>30.09.23 a 02.12.23<\/td><\/tr><tr><td>Candang\u00e3o Juniores<\/td><td>13.05.23 a 12.08.23<\/td><\/tr><tr><td>Candang\u00e3o Sub-17<\/td><td>23.09.23 a 25.11.23<\/td><\/tr><tr><td>Candang\u00e3o Sub-15<\/td><td>15.07.23 a 16.09.23<\/td><\/tr><tr><td>Candang\u00e3o Sub-13<\/td><td>04.03.23 a 06.05.23<\/td><\/tr><tr><td>Candang\u00e3o Sub-11<\/td><td>04.03.23 a 06.05.23<\/td><\/tr><\/tbody><\/table><\/figure>\n","protected":false},"excerpt":{"rendered":"<p>Os times filiados \u00e0 Federa\u00e7\u00e3o de Futebol do Distrito Federal se reuniram nesta quarta-feira (16), em uma assembleia, na sede da entidade, para definir os rumos do futebol candango em 2023. No encontro, foi definido o calend\u00e1rio do futebol na capital federal na pr\u00f3xima temporada, al\u00e9m de terem sido ratificados os dias de in\u00edcio e [&hellip;]<\/p>\n","protected":false},"author":2,"featured_media":21931,"comment_status":"closed","ping_status":"closed","sticky":false,"template":"","format":"standard","meta":{"footnotes":""},"categories":[8],"tags":[],"class_list":["post-22617","post","type-post","status-publish","format-standard","has-post-thumbnail","hentry","category-futebol"],"_links":{"self":[{"href":"https:\/\/www.esportesbrasilia.com.br\/noticias\/wp-json\/wp\/v2\/posts\/22617","targetHints":{"allow":["GET"]}}],"collection":[{"href":"https:\/\/www.esportesbrasilia.com.br\/noticias\/wp-json\/wp\/v2\/posts"}],"about":[{"href":"https:\/\/www.esportesbrasilia.com.br\/noticias\/wp-json\/wp\/v2\/types\/post"}],"author":[{"embeddable":true,"href":"https:\/\/www.esportesbrasilia.com.br\/noticias\/wp-json\/wp\/v2\/users\/2"}],"replies":[{"embeddable":true,"href":"https:\/\/www.esportesbrasilia.com.br\/noticias\/wp-json\/wp\/v2\/comments?post=22617"}],"version-history":[{"count":1,"href":"https:\/\/www.esportesbrasilia.com.br\/noticias\/wp-json\/wp\/v2\/posts\/22617\/revisions"}],"predecessor-version":[{"id":22618,"href":"https:\/\/www.esportesbrasilia.com.br\/noticias\/wp-json\/wp\/v2\/posts\/22617\/revisions\/22618"}],"wp:featuredmedia":[{"embeddable":true,"href":"https:\/\/www.esportesbrasilia.com.br\/noticias\/wp-json\/wp\/v2\/media\/21931"}],"wp:attachment":[{"href":"https:\/\/www.esportesbrasilia.com.br\/noticias\/wp-json\/wp\/v2\/media?parent=22617"}],"wp:term":[{"taxonomy":"category","embeddable":true,"href":"https:\/\/www.esportesbrasilia.com.br\/noticias\/wp-json\/wp\/v2\/categories?post=22617"},{"taxonomy":"post_tag","embeddable":true,"href":"https:\/\/www.esportesbrasilia.com.br\/noticias\/wp-json\/wp\/v2\/tags?post=22617"}],"curies":[{"name":"wp","href":"https:\/\/api.w.org\/{rel}","templated":true}]}}