{"id":22614,"date":"2022-11-16T16:45:49","date_gmt":"2022-11-16T19:45:49","guid":{"rendered":"https:\/\/www.esportesbrasilia.com.br\/noticias\/?p=22614"},"modified":"2022-11-16T18:34:28","modified_gmt":"2022-11-16T21:34:28","slug":"brasil-treina-em-turim-e-jogadores-seguem-sob-observacao-de-tite","status":"publish","type":"post","link":"https:\/\/www.esportesbrasilia.com.br\/noticias\/futebol\/copadomundo2022\/brasil-treina-em-turim-e-jogadores-seguem-sob-observacao-de-tite.html","title":{"rendered":"Brasil treina em Turim e jogadores seguem sob observa\u00e7\u00e3o de Tite"},"content":{"rendered":"\n<p>Foto: Leonardo Benhossi\/Mowa Press<\/p>\n\n\n\n<p>O Brasil realizou, nesta quarta-feira (16), mais uma atividade no CT da Juventus, em Turim, na prepara\u00e7\u00e3o para a Copa do Mundo da FIFA.<\/p>\n\n\n\n<p>O t\u00e9cnico Tite comandou a atividade no gramado italiano, com todos os 26 jogadores convocados para a Copa do Mundo. No entanto, o que chamou a aten\u00e7\u00e3o foram dois jogadores: Alex Telles e Bruno Guimar\u00e3es precisaram ser atendidos pelo m\u00e9dico da sele\u00e7\u00e3o, Rodrigo Lasmar.<\/p>\n\n\n\n<p>O primeiro se contundiu ap\u00f3s uma dividida com o atacante Neymar Jr. Mas, logo em seguida, Alex se recuperou e seguiu a atividade. J\u00e1 o segundo saiu do gramado reclamando de dores no p\u00e9 direito. Ele foi atendido e retornou ao gramado.<\/p>\n\n\n\n<p>A comiss\u00e3o t\u00e9cnica afirmou que os dois atletas est\u00e3o bem e seguem no trabalho de prepara\u00e7\u00e3o para a Copa do Mundo da FIFA, no pr\u00f3ximo dia 24, diante da S\u00e9rvia, em Lusail.<\/p>\n","protected":false},"excerpt":{"rendered":"<p>Foto: Leonardo Benhossi\/Mowa Press O Brasil realizou, nesta quarta-feira (16), mais uma atividade no CT da Juventus, em Turim, na prepara\u00e7\u00e3o para a Copa do Mundo da FIFA. O t\u00e9cnico Tite comandou a atividade no gramado italiano, com todos os 26 jogadores convocados para a Copa do Mundo. No entanto, o que chamou a aten\u00e7\u00e3o [&hellip;]<\/p>\n","protected":false},"author":2,"featured_media":22615,"comment_status":"closed","ping_status":"closed","sticky":false,"template":"","format":"standard","meta":{"footnotes":""},"categories":[778],"tags":[],"class_list":["post-22614","post","type-post","status-publish","format-standard","has-post-thumbnail","hentry","category-copadomundo2022"],"_links":{"self":[{"href":"https:\/\/www.esportesbrasilia.com.br\/noticias\/wp-json\/wp\/v2\/posts\/22614","targetHints":{"allow":["GET"]}}],"collection":[{"href":"https:\/\/www.esportesbrasilia.com.br\/noticias\/wp-json\/wp\/v2\/posts"}],"about":[{"href":"https:\/\/www.esportesbrasilia.com.br\/noticias\/wp-json\/wp\/v2\/types\/post"}],"author":[{"embeddable":true,"href":"https:\/\/www.esportesbrasilia.com.br\/noticias\/wp-json\/wp\/v2\/users\/2"}],"replies":[{"embeddable":true,"href":"https:\/\/www.esportesbrasilia.com.br\/noticias\/wp-json\/wp\/v2\/comments?post=22614"}],"version-history":[{"count":2,"href":"https:\/\/www.esportesbrasilia.com.br\/noticias\/wp-json\/wp\/v2\/posts\/22614\/revisions"}],"predecessor-version":[{"id":22619,"href":"https:\/\/www.esportesbrasilia.com.br\/noticias\/wp-json\/wp\/v2\/posts\/22614\/revisions\/22619"}],"wp:featuredmedia":[{"embeddable":true,"href":"https:\/\/www.esportesbrasilia.com.br\/noticias\/wp-json\/wp\/v2\/media\/22615"}],"wp:attachment":[{"href":"https:\/\/www.esportesbrasilia.com.br\/noticias\/wp-json\/wp\/v2\/media?parent=22614"}],"wp:term":[{"taxonomy":"category","embeddable":true,"href":"https:\/\/www.esportesbrasilia.com.br\/noticias\/wp-json\/wp\/v2\/categories?post=22614"},{"taxonomy":"post_tag","embeddable":true,"href":"https:\/\/www.esportesbrasilia.com.br\/noticias\/wp-json\/wp\/v2\/tags?post=22614"}],"curies":[{"name":"wp","href":"https:\/\/api.w.org\/{rel}","templated":true}]}}