{"id":22608,"date":"2022-11-14T21:10:00","date_gmt":"2022-11-15T00:10:00","guid":{"rendered":"https:\/\/www.esportesbrasilia.com.br\/noticias\/?p=22608"},"modified":"2022-11-15T12:11:50","modified_gmt":"2022-11-15T15:11:50","slug":"planejamento-nao-e-milagre-e-ja-pesa-mais-que-camisa","status":"publish","type":"post","link":"https:\/\/www.esportesbrasilia.com.br\/noticias\/colunas\/notatico\/planejamento-nao-e-milagre-e-ja-pesa-mais-que-camisa.html","title":{"rendered":"Planejamento n\u00e3o \u00e9 milagre e j\u00e1 pesa mais que camisa"},"content":{"rendered":"\n<p>Paulo Martins<\/p>\n\n\n\n<p>Quem observa o cen\u00e1rio externo ao futebol brasileiro estranha o rebaixamento de um semifinalista de Sul-Americana, como ocorreu com o Atl\u00e9tico Goianiense.<\/p>\n\n\n\n<p>Pois, inesperada a excelente campanha do Drag\u00e3o, o mais l\u00f3gico foi feito: abandonar o Campeonato Brasileiro e se dedicar \u00e0 copa. O resultado, via de regra perigoso para os grandes, foi fatal para o que vinha sendo considerado como boa gest\u00e3o neste ano, inclusive elogiada por esta coluna.<\/p>\n\n\n\n<p>Outro caso curioso entre os rebaixados \u00e9 o do Ava\u00ed. O Le\u00e3o da Ilha evidencia nunca estar pronto pra jogar a elite! S\u00e3o quatro rebaixamentos nos \u00faltimos dez anos e cinco s\u00f3 na hist\u00f3ria dos pontos corridos. Isto porque os catarinenses n\u00e3o possuem demais competi\u00e7\u00f5es em seu calend\u00e1rio concomitantemente ao Brasileir\u00e3o. Imaginem se tivesse.<\/p>\n\n\n\n<p>Com isso, conclu\u00edmos que a perman\u00eancia do Cuiab\u00e1 n\u00e3o \u00e9 surpresa. O Dourado, nascido em 2001, fez o que devia, mesmo com a Copa Verde em seu caminho. Dedicou-se a se manter e tentar fortificar sua campanha como SAF para 2023, em um campeonato dur\u00edssimo para os mato-grossenses.<\/p>\n\n\n\n<p>Ora, as Sociedades An\u00f4nimas de Futebol, quando contam com vontade da diretoria, resultam em campanhas como a do Am\u00e9rica Mineiro, que quase voltou \u00e0 Libertadores mas fez campanha para l\u00e1 de competente. \u00c9 assim que se gere, e n\u00e3o esperando que o investidor fa\u00e7a milagre como nos &#8220;acessos culposos&#8221; de Vasco e Bahia.<\/p>\n","protected":false},"excerpt":{"rendered":"<p>Paulo Martins Quem observa o cen\u00e1rio externo ao futebol brasileiro estranha o rebaixamento de um semifinalista de Sul-Americana, como ocorreu com o Atl\u00e9tico Goianiense. Pois, inesperada a excelente campanha do Drag\u00e3o, o mais l\u00f3gico foi feito: abandonar o Campeonato Brasileiro e se dedicar \u00e0 copa. O resultado, via de regra perigoso para os grandes, foi [&hellip;]<\/p>\n","protected":false},"author":1,"featured_media":21716,"comment_status":"closed","ping_status":"closed","sticky":false,"template":"","format":"standard","meta":{"footnotes":""},"categories":[1029],"tags":[],"class_list":["post-22608","post","type-post","status-publish","format-standard","has-post-thumbnail","hentry","category-notatico"],"_links":{"self":[{"href":"https:\/\/www.esportesbrasilia.com.br\/noticias\/wp-json\/wp\/v2\/posts\/22608","targetHints":{"allow":["GET"]}}],"collection":[{"href":"https:\/\/www.esportesbrasilia.com.br\/noticias\/wp-json\/wp\/v2\/posts"}],"about":[{"href":"https:\/\/www.esportesbrasilia.com.br\/noticias\/wp-json\/wp\/v2\/types\/post"}],"author":[{"embeddable":true,"href":"https:\/\/www.esportesbrasilia.com.br\/noticias\/wp-json\/wp\/v2\/users\/1"}],"replies":[{"embeddable":true,"href":"https:\/\/www.esportesbrasilia.com.br\/noticias\/wp-json\/wp\/v2\/comments?post=22608"}],"version-history":[{"count":1,"href":"https:\/\/www.esportesbrasilia.com.br\/noticias\/wp-json\/wp\/v2\/posts\/22608\/revisions"}],"predecessor-version":[{"id":22609,"href":"https:\/\/www.esportesbrasilia.com.br\/noticias\/wp-json\/wp\/v2\/posts\/22608\/revisions\/22609"}],"wp:featuredmedia":[{"embeddable":true,"href":"https:\/\/www.esportesbrasilia.com.br\/noticias\/wp-json\/wp\/v2\/media\/21716"}],"wp:attachment":[{"href":"https:\/\/www.esportesbrasilia.com.br\/noticias\/wp-json\/wp\/v2\/media?parent=22608"}],"wp:term":[{"taxonomy":"category","embeddable":true,"href":"https:\/\/www.esportesbrasilia.com.br\/noticias\/wp-json\/wp\/v2\/categories?post=22608"},{"taxonomy":"post_tag","embeddable":true,"href":"https:\/\/www.esportesbrasilia.com.br\/noticias\/wp-json\/wp\/v2\/tags?post=22608"}],"curies":[{"name":"wp","href":"https:\/\/api.w.org\/{rel}","templated":true}]}}