{"id":22594,"date":"2022-11-14T16:15:04","date_gmt":"2022-11-14T19:15:04","guid":{"rendered":"https:\/\/www.esportesbrasilia.com.br\/noticias\/?p=22594"},"modified":"2022-11-14T16:15:04","modified_gmt":"2022-11-14T19:15:04","slug":"vice-presidente-da-republica-anuncia-nomes-para-realizar-a-transicao-na-area-do-esporte","status":"publish","type":"post","link":"https:\/\/www.esportesbrasilia.com.br\/noticias\/outros\/vice-presidente-da-republica-anuncia-nomes-para-realizar-a-transicao-na-area-do-esporte.html","title":{"rendered":"Vice-presidente da Rep\u00fablica anuncia nomes para realizar a transi\u00e7\u00e3o na \u00e1rea do esporte"},"content":{"rendered":"\n<p>O vice-presidente da Rep\u00fablica, Geraldo Alckmin, anunciou na tarde desta segunda-feira (14), os nomes que far\u00e3o parte do governo de transi\u00e7\u00e3o na \u00e1rea do esporte.<\/p>\n\n\n\n<p>Ex-jogadores e gestores p\u00fablicos ser\u00e3o respons\u00e1veis por definir quais as a\u00e7\u00f5es que ser\u00e3o tomadas pelo governo brasileiro durante os pr\u00f3ximos quatro anos da gest\u00e3o de Lu\u00eds In\u00e1cio Lula da Silva.<\/p>\n\n\n\n<p>&#8220;Esses grupos podem convidar novas pessoas e n\u00e3o se limitar\u00e3o a esses das listas. O objetivo \u00e9 levantar dados. E eles devem preparar esse trabalho de transi\u00e7\u00e3o para o novo governo&#8221;, explicou o vice-presidente da Rep\u00fablica.<\/p>\n\n\n\n<p>Dentre os nomes para esse grupo de trabalho est\u00e3o o de Mizael Conrado, presidente do Comit\u00ea Paral\u00edmpico Brasileiro, de Ana Moser, ex-jogadora de v\u00f4lei e de Ra\u00ed, ex-jogador de futebol e \u00eddolo do S\u00e3o Paulo. Confira a lista completa:<\/p>\n\n\n\n<ul class=\"wp-block-list\">\n<li>Ana Moser &#8211; ex-jogadora de v\u00f4lei<\/li>\n\n\n\n<li>Edinho Silva &#8211; prefeito de Araraquara\/SP<\/li>\n\n\n\n<li>Isabel Salgado &#8211; ex-jogadora de v\u00f4lei de praia<\/li>\n\n\n\n<li>Jos\u00e9 Lu\u00eds Ferraresi &#8211; ex-vereador de S\u00e3o Bernardo do Campo<\/li>\n\n\n\n<li>Marta Sobral &#8211; ex-jogadora de basquete<\/li>\n\n\n\n<li>Mizael Conrado &#8211; presidente do Comit\u00ea Paral\u00edmpico Brasileiro<\/li>\n\n\n\n<li>N\u00e1dia Campe\u00e3o &#8211; ex-vice-prefeita de S\u00e3o Paulo<\/li>\n\n\n\n<li>Ra\u00ed Souza de Oliveira &#8211; ex-jogador de futebol<\/li>\n\n\n\n<li>Ver\u00f4nica Silva Hip\u00f3lito &#8211; ex-atleta paral\u00edmpica<\/li>\n<\/ul>\n","protected":false},"excerpt":{"rendered":"<p>O vice-presidente da Rep\u00fablica, Geraldo Alckmin, anunciou na tarde desta segunda-feira (14), os nomes que far\u00e3o parte do governo de transi\u00e7\u00e3o na \u00e1rea do esporte. Ex-jogadores e gestores p\u00fablicos ser\u00e3o respons\u00e1veis por definir quais as a\u00e7\u00f5es que ser\u00e3o tomadas pelo governo brasileiro durante os pr\u00f3ximos quatro anos da gest\u00e3o de Lu\u00eds In\u00e1cio Lula da Silva. [&hellip;]<\/p>\n","protected":false},"author":2,"featured_media":22595,"comment_status":"closed","ping_status":"closed","sticky":false,"template":"","format":"standard","meta":{"footnotes":""},"categories":[2],"tags":[],"class_list":["post-22594","post","type-post","status-publish","format-standard","has-post-thumbnail","hentry","category-outros"],"_links":{"self":[{"href":"https:\/\/www.esportesbrasilia.com.br\/noticias\/wp-json\/wp\/v2\/posts\/22594","targetHints":{"allow":["GET"]}}],"collection":[{"href":"https:\/\/www.esportesbrasilia.com.br\/noticias\/wp-json\/wp\/v2\/posts"}],"about":[{"href":"https:\/\/www.esportesbrasilia.com.br\/noticias\/wp-json\/wp\/v2\/types\/post"}],"author":[{"embeddable":true,"href":"https:\/\/www.esportesbrasilia.com.br\/noticias\/wp-json\/wp\/v2\/users\/2"}],"replies":[{"embeddable":true,"href":"https:\/\/www.esportesbrasilia.com.br\/noticias\/wp-json\/wp\/v2\/comments?post=22594"}],"version-history":[{"count":1,"href":"https:\/\/www.esportesbrasilia.com.br\/noticias\/wp-json\/wp\/v2\/posts\/22594\/revisions"}],"predecessor-version":[{"id":22596,"href":"https:\/\/www.esportesbrasilia.com.br\/noticias\/wp-json\/wp\/v2\/posts\/22594\/revisions\/22596"}],"wp:featuredmedia":[{"embeddable":true,"href":"https:\/\/www.esportesbrasilia.com.br\/noticias\/wp-json\/wp\/v2\/media\/22595"}],"wp:attachment":[{"href":"https:\/\/www.esportesbrasilia.com.br\/noticias\/wp-json\/wp\/v2\/media?parent=22594"}],"wp:term":[{"taxonomy":"category","embeddable":true,"href":"https:\/\/www.esportesbrasilia.com.br\/noticias\/wp-json\/wp\/v2\/categories?post=22594"},{"taxonomy":"post_tag","embeddable":true,"href":"https:\/\/www.esportesbrasilia.com.br\/noticias\/wp-json\/wp\/v2\/tags?post=22594"}],"curies":[{"name":"wp","href":"https:\/\/api.w.org\/{rel}","templated":true}]}}