{"id":22561,"date":"2022-11-08T11:32:00","date_gmt":"2022-11-08T14:32:00","guid":{"rendered":"https:\/\/www.esportesbrasilia.com.br\/noticias\/?p=22561"},"modified":"2022-11-08T00:38:10","modified_gmt":"2022-11-08T03:38:10","slug":"um-serejao-novinho-brasiliense-treina-no-palco-da-semifinal-da-copa-verde","status":"publish","type":"post","link":"https:\/\/www.esportesbrasilia.com.br\/noticias\/futebol\/um-serejao-novinho-brasiliense-treina-no-palco-da-semifinal-da-copa-verde.html","title":{"rendered":"Um Serej\u00e3o novinho: Brasiliense treina no palco da semifinal da Copa Verde"},"content":{"rendered":"\n<p><strong>Foto: Lu\u00e3 Tomasson\/Brasiliense FC<\/strong><\/p>\n\n\n\n<p>O Brasiliense realizou, nesta segunda-feira (07), um reconhecimento do novo gramado do est\u00e1dio Serej\u00e3o, em Taguatinga, palco da partida desta quarta-feira (09), contra o Vila Nova\/GO.<\/p>\n\n\n\n<p>A equipe comandada por Luan Carlos realizou um treinamento e conferiu o novo &#8220;tapete&#8221; do local, al\u00e9m de realizar uma aclimata\u00e7\u00e3o para o hor\u00e1rio do confronto: 20 horas.<\/p>\n\n\n\n<p>Para o jogo desta quarta-feira, que ter\u00e1 a arbitragem de Daniel Alejandro Hidalgo Blanco, de Roraima, o Jacar\u00e9 poder\u00e1 contar com o retorno do volante Tarta, que foi expulso na partida diante do Luverdense\/MT, ainda pela segunda fase da competi\u00e7\u00e3o.<\/p>\n\n\n\n<p>No entanto, uma preocupa\u00e7\u00e3o de Luan Carlos \u00e9 Hernane Brocador, que est\u00e1 pendurado com o segundo cart\u00e3o amarelo. Uma eventual puni\u00e7\u00e3o em campo tira o atacante do jogo da volta no pr\u00f3ximo s\u00e1bado (12), em Goi\u00e2nia\/GO, \u00e0s 16h.<\/p>\n","protected":false},"excerpt":{"rendered":"<p>Foto: Lu\u00e3 Tomasson\/Brasiliense FC O Brasiliense realizou, nesta segunda-feira (07), um reconhecimento do novo gramado do est\u00e1dio Serej\u00e3o, em Taguatinga, palco da partida desta quarta-feira (09), contra o Vila Nova\/GO. A equipe comandada por Luan Carlos realizou um treinamento e conferiu o novo &#8220;tapete&#8221; do local, al\u00e9m de realizar uma aclimata\u00e7\u00e3o para o hor\u00e1rio do [&hellip;]<\/p>\n","protected":false},"author":2,"featured_media":22562,"comment_status":"closed","ping_status":"closed","sticky":false,"template":"","format":"standard","meta":{"footnotes":""},"categories":[8],"tags":[],"class_list":["post-22561","post","type-post","status-publish","format-standard","has-post-thumbnail","hentry","category-futebol"],"_links":{"self":[{"href":"https:\/\/www.esportesbrasilia.com.br\/noticias\/wp-json\/wp\/v2\/posts\/22561","targetHints":{"allow":["GET"]}}],"collection":[{"href":"https:\/\/www.esportesbrasilia.com.br\/noticias\/wp-json\/wp\/v2\/posts"}],"about":[{"href":"https:\/\/www.esportesbrasilia.com.br\/noticias\/wp-json\/wp\/v2\/types\/post"}],"author":[{"embeddable":true,"href":"https:\/\/www.esportesbrasilia.com.br\/noticias\/wp-json\/wp\/v2\/users\/2"}],"replies":[{"embeddable":true,"href":"https:\/\/www.esportesbrasilia.com.br\/noticias\/wp-json\/wp\/v2\/comments?post=22561"}],"version-history":[{"count":1,"href":"https:\/\/www.esportesbrasilia.com.br\/noticias\/wp-json\/wp\/v2\/posts\/22561\/revisions"}],"predecessor-version":[{"id":22563,"href":"https:\/\/www.esportesbrasilia.com.br\/noticias\/wp-json\/wp\/v2\/posts\/22561\/revisions\/22563"}],"wp:featuredmedia":[{"embeddable":true,"href":"https:\/\/www.esportesbrasilia.com.br\/noticias\/wp-json\/wp\/v2\/media\/22562"}],"wp:attachment":[{"href":"https:\/\/www.esportesbrasilia.com.br\/noticias\/wp-json\/wp\/v2\/media?parent=22561"}],"wp:term":[{"taxonomy":"category","embeddable":true,"href":"https:\/\/www.esportesbrasilia.com.br\/noticias\/wp-json\/wp\/v2\/categories?post=22561"},{"taxonomy":"post_tag","embeddable":true,"href":"https:\/\/www.esportesbrasilia.com.br\/noticias\/wp-json\/wp\/v2\/tags?post=22561"}],"curies":[{"name":"wp","href":"https:\/\/api.w.org\/{rel}","templated":true}]}}