{"id":22534,"date":"2022-11-04T10:16:23","date_gmt":"2022-11-04T13:16:23","guid":{"rendered":"https:\/\/www.esportesbrasilia.com.br\/noticias\/?p=22534"},"modified":"2022-11-04T10:16:24","modified_gmt":"2022-11-04T13:16:24","slug":"ceilandia-e-gama-conhecem-adversarios-da-copa-sao-paulo-2023","status":"publish","type":"post","link":"https:\/\/www.esportesbrasilia.com.br\/noticias\/futebol\/ceilandia-e-gama-conhecem-adversarios-da-copa-sao-paulo-2023.html","title":{"rendered":"Ceil\u00e2ndia e Gama conhecem advers\u00e1rios da Copa S\u00e3o Paulo 2023"},"content":{"rendered":"\n<p>Vem a\u00ed mais uma edi\u00e7\u00e3o da Copa S\u00e3o Paulo de Futebol Junior, a maior vitrine do futebol no Brasil. A edi\u00e7\u00e3o de 2023 da Copinha ter\u00e1 dois representantes do Distrito Federal: o Ceil\u00e2ndia, atual campe\u00e3o do Candang\u00e3o Juniores, e o Gama, vice-campe\u00e3o.<\/p>\n\n\n\n<p>Nesta quinta-feira (03), foram sorteadas as chaves da pr\u00f3xima edi\u00e7\u00e3o da competi\u00e7\u00e3o, em um evento realizado no est\u00e1dio Pacaembu, na capital paulista, tradicional sede das finais da Copinha. Vale lembrar que o local n\u00e3o recebe mais partidas de futebol, pois ser\u00e1 constru\u00eddo um hotel no espa\u00e7o.<\/p>\n\n\n\n<p>Ser\u00e3o 32 chaves, com quatro times, cada. Somente o campe\u00e3o de cada grupo avan\u00e7a para as fases seguintes do torneio, at\u00e9 a grande final, que acontece no dia 25 de janeiro, dia do anivers\u00e1rio de S\u00e3o Paulo.<\/p>\n\n\n\n<p>O Ceil\u00e2ndia ficou alocado na chave 6, que ser\u00e1 sediada em Catanduva e vai em busca da classifica\u00e7\u00e3o contra Catanduva\/SP, Am\u00e9rica\/RN e Ava\u00ed\/SC. J\u00e1 o Gama est\u00e1 na chave 13, sediada em Guaratinguet\u00e1, e vai enfrentar o Atl\u00e9tico Guaratinguet\u00e1, o Goi\u00e1s\/GO e o Gr\u00eamio Pague Menos\/CE.<\/p>\n\n\n\n<p>A tabela da competi\u00e7\u00e3o ainda ser\u00e1 divulgada pela Federa\u00e7\u00e3o Paulista de Futebol, que organiza o torneio.<\/p>\n","protected":false},"excerpt":{"rendered":"<p>Vem a\u00ed mais uma edi\u00e7\u00e3o da Copa S\u00e3o Paulo de Futebol Junior, a maior vitrine do futebol no Brasil. A edi\u00e7\u00e3o de 2023 da Copinha ter\u00e1 dois representantes do Distrito Federal: o Ceil\u00e2ndia, atual campe\u00e3o do Candang\u00e3o Juniores, e o Gama, vice-campe\u00e3o. Nesta quinta-feira (03), foram sorteadas as chaves da pr\u00f3xima edi\u00e7\u00e3o da competi\u00e7\u00e3o, em [&hellip;]<\/p>\n","protected":false},"author":2,"featured_media":22535,"comment_status":"closed","ping_status":"closed","sticky":false,"template":"","format":"standard","meta":{"footnotes":""},"categories":[8],"tags":[],"class_list":["post-22534","post","type-post","status-publish","format-standard","has-post-thumbnail","hentry","category-futebol"],"_links":{"self":[{"href":"https:\/\/www.esportesbrasilia.com.br\/noticias\/wp-json\/wp\/v2\/posts\/22534","targetHints":{"allow":["GET"]}}],"collection":[{"href":"https:\/\/www.esportesbrasilia.com.br\/noticias\/wp-json\/wp\/v2\/posts"}],"about":[{"href":"https:\/\/www.esportesbrasilia.com.br\/noticias\/wp-json\/wp\/v2\/types\/post"}],"author":[{"embeddable":true,"href":"https:\/\/www.esportesbrasilia.com.br\/noticias\/wp-json\/wp\/v2\/users\/2"}],"replies":[{"embeddable":true,"href":"https:\/\/www.esportesbrasilia.com.br\/noticias\/wp-json\/wp\/v2\/comments?post=22534"}],"version-history":[{"count":1,"href":"https:\/\/www.esportesbrasilia.com.br\/noticias\/wp-json\/wp\/v2\/posts\/22534\/revisions"}],"predecessor-version":[{"id":22536,"href":"https:\/\/www.esportesbrasilia.com.br\/noticias\/wp-json\/wp\/v2\/posts\/22534\/revisions\/22536"}],"wp:featuredmedia":[{"embeddable":true,"href":"https:\/\/www.esportesbrasilia.com.br\/noticias\/wp-json\/wp\/v2\/media\/22535"}],"wp:attachment":[{"href":"https:\/\/www.esportesbrasilia.com.br\/noticias\/wp-json\/wp\/v2\/media?parent=22534"}],"wp:term":[{"taxonomy":"category","embeddable":true,"href":"https:\/\/www.esportesbrasilia.com.br\/noticias\/wp-json\/wp\/v2\/categories?post=22534"},{"taxonomy":"post_tag","embeddable":true,"href":"https:\/\/www.esportesbrasilia.com.br\/noticias\/wp-json\/wp\/v2\/tags?post=22534"}],"curies":[{"name":"wp","href":"https:\/\/api.w.org\/{rel}","templated":true}]}}