{"id":22440,"date":"2022-10-15T10:51:34","date_gmt":"2022-10-15T13:51:34","guid":{"rendered":"https:\/\/www.esportesbrasilia.com.br\/noticias\/?p=22440"},"modified":"2022-10-15T10:51:34","modified_gmt":"2022-10-15T13:51:34","slug":"saf-gama-deixa-de-existir-e-diretoria-da-seg-volta-a-gerir-o-clube","status":"publish","type":"post","link":"https:\/\/www.esportesbrasilia.com.br\/noticias\/futebol\/saf-gama-deixa-de-existir-e-diretoria-da-seg-volta-a-gerir-o-clube.html","title":{"rendered":"SAF Gama deixa de existir e diretoria da SEG volta a gerir o clube"},"content":{"rendered":"\n<p><strong>Foto: reprodu\u00e7\u00e3o\/TV Bandeirantes Bras\u00edlia<\/strong><\/p>\n\n\n\n<p>A Junta Comercial do Distrito Federal cancelou o registro da SAF Gama. O motivo alegado pela JUCIS-DF \u00e9 o fato de n\u00e3o estarem preenchidos os requisitos legais na constitui\u00e7\u00e3o da Sociedade An\u00f4nima do Futebol ao n\u00e3o apresentar o ato de constitui\u00e7\u00e3o da empresa Green White Investiments LLC no pa\u00eds de origem, bem como o cart\u00e3o do CNPJ da empresa.<\/p>\n\n\n\n<p>Com isso, o nome Gama volta a ser gerido pela atual diretoria da Sociedade Esportiva do Gama. O an\u00fancio foi feito na noite desta sexta-feira (14) pela presid\u00eancia do alviverde.<\/p>\n\n\n\n<p>&#8220;O torcedor do Gama pode ficar tranquilo que, desde o dia 1\u00ba de abril, a diretoria do clube tem trabalhado com uma certeza: que o campeonato de 2023 seja disputado pela Sociedade Esportiva do Gama e que a SAF seria extinta antes disso, cancelada, diante de todas as irregularidades que foram cometidas&#8221;, afirmou o presidente da SEG, Wendel Lopes, em entrevista exclusiva \u00e0 <em>R\u00e1dio Ativa FM<\/em>, parceira da <strong>Esportes Bras\u00edlia<\/strong>.<\/p>\n\n\n\n<p>Essa decis\u00e3o acontece apenas dois dias antes do Conselho Arbitral que vai definir as regras e normas do Candang\u00e3o 2023, que est\u00e1 marcado para esta segunda-feira (17), em um restaurante da cidade.<\/p>\n\n\n\n<p>&#8220;A Sociedade Esportiva do Gama j\u00e1 vai participar do Conselho Arbitral do Candang\u00e3o 2023, que vai acontecer nesta segunda-feira, representando o Gama. Nenhuma outra pessoa, a n\u00e3o ser a diretoria que est\u00e1 eleita, pode utilizar o nome do clube&#8221;, garantiu Wendel.<\/p>\n\n\n\n<p><strong>Cadastro na CBF<\/strong><\/p>\n\n\n\n<p>Um dos problemas do alviverde, neste momento, \u00e9 que o time ter\u00e1 que ser montado &#8220;do zero&#8221;. Isso porqu\u00ea a chave de cadastro da SEG, junto \u00e0 Confedera\u00e7\u00e3o Brasileira de Futebol, est\u00e1 sob poder da Gama SAF.<\/p>\n\n\n\n<p>No entanto, de acordo com Wendel, isso \u00e9 uma quest\u00e3o de tempo para se resolver e, com isso, os jogadores possam ter os registros de contrato feitos diretamente com a CBF. &#8220;N\u00f3s ainda n\u00e3o temos a senha da CBF, mas \u00e9 uma provid\u00eancia meramente administrativa. A CBF tem o tempo para fazer isso&#8221;, ressaltou o dirigente.<\/p>\n\n\n\n<p><strong>Temporada 2023<\/strong><\/p>\n\n\n\n<p>O Gama quer voltar \u00e0s competi\u00e7\u00f5es nacionais na temporada 2024. Para isso, ter\u00e1 que estar &#8211; pelo menos &#8211; nas finais do Candang\u00e3o 2023. Questionado sobre como vir\u00e1 o alviverde para a pr\u00f3xima temporada, Wendel afirmou que o time est\u00e1 &#8220;com os p\u00e9s no ch\u00e3o&#8221;.<\/p>\n\n\n\n<p>&#8220;O torcedor precisa entender que acabaram com o Gama. O processo, agora, \u00e9 de ressuscitar o time. Em nenhum momento faremos uma gest\u00e3o irrespons\u00e1vel. N\u00e3o vamos montar um time para, com 30 dias, ter greve, despejo de hotel. O Gama vai ter uma gest\u00e3o profissional&#8221;, contou o dirigente.<\/p>\n\n\n\n<p>Wendel tamb\u00e9m esclareceu como ser\u00e1 montado o time para a pr\u00f3xima temporada, mas sem revelar nomes j\u00e1 contratados, seja de jogadores, seja de comiss\u00e3o t\u00e9cnica.<\/p>\n\n\n\n<p>&#8220;Primeiro, vamos ajeitar a receita para, depois, fazer a despesa. O objetivo \u00e9 chegar na final do Candang\u00e3o, mas, se no curso disso, for necess\u00e1rio gastar R$ 3 milh\u00f5es e se endividar, n\u00f3s n\u00e3o vamos fazer isso. O time ser\u00e1 competitivo, vamos contratar as melhores pe\u00e7as, mas atentos \u00e0 realidade do futebol do Distrito Federal&#8221;, finalizou Wendel Lopes.<\/p>\n","protected":false},"excerpt":{"rendered":"<p>Foto: reprodu\u00e7\u00e3o\/TV Bandeirantes Bras\u00edlia A Junta Comercial do Distrito Federal cancelou o registro da SAF Gama. O motivo alegado pela JUCIS-DF \u00e9 o fato de n\u00e3o estarem preenchidos os requisitos legais na constitui\u00e7\u00e3o da Sociedade An\u00f4nima do Futebol ao n\u00e3o apresentar o ato de constitui\u00e7\u00e3o da empresa Green White Investiments LLC no pa\u00eds de origem, [&hellip;]<\/p>\n","protected":false},"author":2,"featured_media":22441,"comment_status":"closed","ping_status":"closed","sticky":false,"template":"","format":"standard","meta":{"footnotes":""},"categories":[8],"tags":[],"class_list":["post-22440","post","type-post","status-publish","format-standard","has-post-thumbnail","hentry","category-futebol"],"_links":{"self":[{"href":"https:\/\/www.esportesbrasilia.com.br\/noticias\/wp-json\/wp\/v2\/posts\/22440","targetHints":{"allow":["GET"]}}],"collection":[{"href":"https:\/\/www.esportesbrasilia.com.br\/noticias\/wp-json\/wp\/v2\/posts"}],"about":[{"href":"https:\/\/www.esportesbrasilia.com.br\/noticias\/wp-json\/wp\/v2\/types\/post"}],"author":[{"embeddable":true,"href":"https:\/\/www.esportesbrasilia.com.br\/noticias\/wp-json\/wp\/v2\/users\/2"}],"replies":[{"embeddable":true,"href":"https:\/\/www.esportesbrasilia.com.br\/noticias\/wp-json\/wp\/v2\/comments?post=22440"}],"version-history":[{"count":1,"href":"https:\/\/www.esportesbrasilia.com.br\/noticias\/wp-json\/wp\/v2\/posts\/22440\/revisions"}],"predecessor-version":[{"id":22442,"href":"https:\/\/www.esportesbrasilia.com.br\/noticias\/wp-json\/wp\/v2\/posts\/22440\/revisions\/22442"}],"wp:featuredmedia":[{"embeddable":true,"href":"https:\/\/www.esportesbrasilia.com.br\/noticias\/wp-json\/wp\/v2\/media\/22441"}],"wp:attachment":[{"href":"https:\/\/www.esportesbrasilia.com.br\/noticias\/wp-json\/wp\/v2\/media?parent=22440"}],"wp:term":[{"taxonomy":"category","embeddable":true,"href":"https:\/\/www.esportesbrasilia.com.br\/noticias\/wp-json\/wp\/v2\/categories?post=22440"},{"taxonomy":"post_tag","embeddable":true,"href":"https:\/\/www.esportesbrasilia.com.br\/noticias\/wp-json\/wp\/v2\/tags?post=22440"}],"curies":[{"name":"wp","href":"https:\/\/api.w.org\/{rel}","templated":true}]}}