{"id":22433,"date":"2022-10-13T21:26:00","date_gmt":"2022-10-14T00:26:00","guid":{"rendered":"https:\/\/www.esportesbrasilia.com.br\/noticias\/?p=22433"},"modified":"2022-10-14T10:43:13","modified_gmt":"2022-10-14T13:43:13","slug":"brasil-sai-dos-amistosos-com-confianca-para-a-copa-afirma-tite","status":"publish","type":"post","link":"https:\/\/www.esportesbrasilia.com.br\/noticias\/futebol\/copadomundo2022\/brasil-sai-dos-amistosos-com-confianca-para-a-copa-afirma-tite.html","title":{"rendered":"Brasil sai dos amistosos com confian\u00e7a para a Copa, afirma Tite"},"content":{"rendered":"\n<p><strong>Foto: Lucas Figueiredo\/CBF<\/strong><\/p>\n\n\n\n<p>Nesta quinta-feira (13), a comiss\u00e3o t\u00e9cnica da sele\u00e7\u00e3o brasileira atendeu a jornalistas das regi\u00f5es Centro-Oeste e Norte do pa\u00eds, para uma entrevista coletiva, antes da revela\u00e7\u00e3o da pr\u00e9-lista de at\u00e9 55 jogadores que podem representar o Brasil na Copa do Mundo da FIFA.<\/p>\n\n\n\n<p>Questionado pela reportagem da <strong>Esportes Bras\u00edlia<\/strong> sobre o que pode levar para a Copa do Mundo da FIFA dos amistosos vitoriosos contra Gana e Tun\u00edsia, realizados na semana passada, o t\u00e9cnico Tite foi enf\u00e1tico e afirmou que saiu satisfeito do que viu em campo.<\/p>\n\n\n\n<p>&#8220;Foram composi\u00e7\u00f5es t\u00e1ticas, que elas modificaram por conta das condi\u00e7\u00f5es dos atletas. E as duas foram muito bem. Elas nos deixam com confian\u00e7a neste momento, em que a sele\u00e7\u00e3o est\u00e1 para fazer de novo ter desempenho associado a resultados&#8221;, afirmou o t\u00e9cnico Tite.<\/p>\n\n\n\n<p>&#8220;N\u00f3s adaptamos nosso modelo com as dificuldades do jogo. A gente sempre observa for\u00e7as e fraquezas e pensamos em estruturar nossa equipe para que n\u00e3o tome gol. Sempre com princ\u00edpio de equil\u00edbrio e respeitando as for\u00e7as do advers\u00e1rio e desenvolvendo o mecanismo para trabalhar sobre isso&#8221;, completou C\u00e9sar Sampaio, auxiliar t\u00e9cnico da sele\u00e7\u00e3o brasileira.<\/p>\n\n\n\n<p>O Brasil vai enfrentar na Copa do Mundo as sele\u00e7\u00f5es de Su\u00ed\u00e7a, S\u00e9rvia e Camar\u00f5es. A comiss\u00e3o comentou o que recebeu de informa\u00e7\u00e3o sobre os advers\u00e1rios da primeira fase da competi\u00e7\u00e3o mundial.<\/p>\n\n\n\n<p>&#8220;Recebemos as informa\u00e7\u00f5es dos nossos observadores e come\u00e7amos a aprofundar as duas equipes como S\u00e9rvia e Su\u00ed\u00e7a. Das duas, conhecemos bem as for\u00e7as e fraquezas. Primeiro, deixaram equipes fortes fora da Copa e, segundo, fizeram jogos muito bons na Nations League. S\u00e3o equipes que vamos continuar aprofundando para que possamos enfrent\u00e1-los bem&#8221;, pontuou tamb\u00e9m o auxiliar t\u00e9cnico Kleber Xavier.<\/p>\n\n\n\n<p>O Brasil estreia na Copa do Mundo da FIFA diante da S\u00e9rvia, no dia 24 de novembro, \u00e0s 16h, no Lusail Stadium, em Doha\/QAT.<\/p>\n","protected":false},"excerpt":{"rendered":"<p>Foto: Lucas Figueiredo\/CBF Nesta quinta-feira (13), a comiss\u00e3o t\u00e9cnica da sele\u00e7\u00e3o brasileira atendeu a jornalistas das regi\u00f5es Centro-Oeste e Norte do pa\u00eds, para uma entrevista coletiva, antes da revela\u00e7\u00e3o da pr\u00e9-lista de at\u00e9 55 jogadores que podem representar o Brasil na Copa do Mundo da FIFA. Questionado pela reportagem da Esportes Bras\u00edlia sobre o que [&hellip;]<\/p>\n","protected":false},"author":2,"featured_media":22434,"comment_status":"closed","ping_status":"closed","sticky":false,"template":"","format":"standard","meta":{"footnotes":""},"categories":[778],"tags":[],"class_list":["post-22433","post","type-post","status-publish","format-standard","has-post-thumbnail","hentry","category-copadomundo2022"],"_links":{"self":[{"href":"https:\/\/www.esportesbrasilia.com.br\/noticias\/wp-json\/wp\/v2\/posts\/22433","targetHints":{"allow":["GET"]}}],"collection":[{"href":"https:\/\/www.esportesbrasilia.com.br\/noticias\/wp-json\/wp\/v2\/posts"}],"about":[{"href":"https:\/\/www.esportesbrasilia.com.br\/noticias\/wp-json\/wp\/v2\/types\/post"}],"author":[{"embeddable":true,"href":"https:\/\/www.esportesbrasilia.com.br\/noticias\/wp-json\/wp\/v2\/users\/2"}],"replies":[{"embeddable":true,"href":"https:\/\/www.esportesbrasilia.com.br\/noticias\/wp-json\/wp\/v2\/comments?post=22433"}],"version-history":[{"count":1,"href":"https:\/\/www.esportesbrasilia.com.br\/noticias\/wp-json\/wp\/v2\/posts\/22433\/revisions"}],"predecessor-version":[{"id":22435,"href":"https:\/\/www.esportesbrasilia.com.br\/noticias\/wp-json\/wp\/v2\/posts\/22433\/revisions\/22435"}],"wp:featuredmedia":[{"embeddable":true,"href":"https:\/\/www.esportesbrasilia.com.br\/noticias\/wp-json\/wp\/v2\/media\/22434"}],"wp:attachment":[{"href":"https:\/\/www.esportesbrasilia.com.br\/noticias\/wp-json\/wp\/v2\/media?parent=22433"}],"wp:term":[{"taxonomy":"category","embeddable":true,"href":"https:\/\/www.esportesbrasilia.com.br\/noticias\/wp-json\/wp\/v2\/categories?post=22433"},{"taxonomy":"post_tag","embeddable":true,"href":"https:\/\/www.esportesbrasilia.com.br\/noticias\/wp-json\/wp\/v2\/tags?post=22433"}],"curies":[{"name":"wp","href":"https:\/\/api.w.org\/{rel}","templated":true}]}}