{"id":22428,"date":"2022-10-13T22:35:46","date_gmt":"2022-10-14T01:35:46","guid":{"rendered":"https:\/\/www.esportesbrasilia.com.br\/noticias\/?p=22428"},"modified":"2022-10-13T22:35:47","modified_gmt":"2022-10-14T01:35:47","slug":"cbf-confirma-data-de-estreia-do-brasiliense-na-copa-verde","status":"publish","type":"post","link":"https:\/\/www.esportesbrasilia.com.br\/noticias\/futebol\/cbf-confirma-data-de-estreia-do-brasiliense-na-copa-verde.html","title":{"rendered":"CBF confirma data de estreia do Brasiliense na Copa Verde"},"content":{"rendered":"\n<p>Agora \u00e9 oficial. O Brasiliense j\u00e1 sabe quando dar\u00e1 a largada na Copa Verde 2022, que ser\u00e1 disputada a partir de 25 de outubro.<\/p>\n\n\n\n<p>O Jacar\u00e9 estreia na competi\u00e7\u00e3o fora de casa. O jogo diante do Luverdense\/MT acontece no dia 29 de outubro, \u00e0s 21h (hor\u00e1rio de Bras\u00edlia), no est\u00e1dio Passo das Emas, em Lucas do Rio Verde\/MT.<\/p>\n\n\n\n<p>De acordo com o regulamento da competi\u00e7\u00e3o, esta partida j\u00e1 faz parte da segunda fase da Copa Verde. Desta maneira, haver\u00e1 apenas um jogo para definir a classifica\u00e7\u00e3o para as quartas de final. Caso haja empate nos 90 minutos, a vaga ser\u00e1 decidida nos p\u00eanaltis.<\/p>\n\n\n\n<p>O vencedor desta fase enfrenta quem passar de Cuiab\u00e1\/MT e Costa Rica\/MS.<\/p>\n","protected":false},"excerpt":{"rendered":"<p>Agora \u00e9 oficial. O Brasiliense j\u00e1 sabe quando dar\u00e1 a largada na Copa Verde 2022, que ser\u00e1 disputada a partir de 25 de outubro. O Jacar\u00e9 estreia na competi\u00e7\u00e3o fora de casa. O jogo diante do Luverdense\/MT acontece no dia 29 de outubro, \u00e0s 21h (hor\u00e1rio de Bras\u00edlia), no est\u00e1dio Passo das Emas, em Lucas [&hellip;]<\/p>\n","protected":false},"author":2,"featured_media":20175,"comment_status":"closed","ping_status":"closed","sticky":false,"template":"","format":"standard","meta":{"footnotes":""},"categories":[8],"tags":[],"class_list":["post-22428","post","type-post","status-publish","format-standard","has-post-thumbnail","hentry","category-futebol"],"_links":{"self":[{"href":"https:\/\/www.esportesbrasilia.com.br\/noticias\/wp-json\/wp\/v2\/posts\/22428","targetHints":{"allow":["GET"]}}],"collection":[{"href":"https:\/\/www.esportesbrasilia.com.br\/noticias\/wp-json\/wp\/v2\/posts"}],"about":[{"href":"https:\/\/www.esportesbrasilia.com.br\/noticias\/wp-json\/wp\/v2\/types\/post"}],"author":[{"embeddable":true,"href":"https:\/\/www.esportesbrasilia.com.br\/noticias\/wp-json\/wp\/v2\/users\/2"}],"replies":[{"embeddable":true,"href":"https:\/\/www.esportesbrasilia.com.br\/noticias\/wp-json\/wp\/v2\/comments?post=22428"}],"version-history":[{"count":1,"href":"https:\/\/www.esportesbrasilia.com.br\/noticias\/wp-json\/wp\/v2\/posts\/22428\/revisions"}],"predecessor-version":[{"id":22429,"href":"https:\/\/www.esportesbrasilia.com.br\/noticias\/wp-json\/wp\/v2\/posts\/22428\/revisions\/22429"}],"wp:featuredmedia":[{"embeddable":true,"href":"https:\/\/www.esportesbrasilia.com.br\/noticias\/wp-json\/wp\/v2\/media\/20175"}],"wp:attachment":[{"href":"https:\/\/www.esportesbrasilia.com.br\/noticias\/wp-json\/wp\/v2\/media?parent=22428"}],"wp:term":[{"taxonomy":"category","embeddable":true,"href":"https:\/\/www.esportesbrasilia.com.br\/noticias\/wp-json\/wp\/v2\/categories?post=22428"},{"taxonomy":"post_tag","embeddable":true,"href":"https:\/\/www.esportesbrasilia.com.br\/noticias\/wp-json\/wp\/v2\/tags?post=22428"}],"curies":[{"name":"wp","href":"https:\/\/api.w.org\/{rel}","templated":true}]}}