{"id":22397,"date":"2022-10-07T10:48:19","date_gmt":"2022-10-07T13:48:19","guid":{"rendered":"https:\/\/www.esportesbrasilia.com.br\/noticias\/?p=22397"},"modified":"2022-10-07T10:48:20","modified_gmt":"2022-10-07T13:48:20","slug":"autodromo-nao-fica-pronto-e-mais-uma-vez-stock-car-sai-de-brasilia","status":"publish","type":"post","link":"https:\/\/www.esportesbrasilia.com.br\/noticias\/outros\/autodromo-nao-fica-pronto-e-mais-uma-vez-stock-car-sai-de-brasilia.html","title":{"rendered":"Aut\u00f3dromo n\u00e3o fica pronto e, mais uma vez, Stock Car sai de Bras\u00edlia"},"content":{"rendered":"\n<p><strong>Foto: Ag\u00eancia Bras\u00edlia<\/strong><\/p>\n\n\n\n<p>Agora \u00e9 oficial. A temporada 2022 da Stock Car Brasil n\u00e3o ser\u00e1 definida na capital federal. A VICAR, empresa que administra e coordena a categoria, anunciou pelo site oficial da modalidade que n\u00e3o realizar\u00e1 a Super Final no Aut\u00f3dromo Internacional Nelson Piquet.<\/p>\n\n\n\n<p>Isso porque as obras do aut\u00f3dromo ainda n\u00e3o ficaram conclu\u00eddas a tempo da data de realiza\u00e7\u00e3o das provas, marcadas anteriormente para 20 de novembro.<\/p>\n\n\n\n<p>Com isso, as etapas de Stock Car, Stock Series e Formula 4 Brasil foram transferidas de data e local. Agora, acontecer\u00e3o no Aut\u00f3dromo de Interlagos, em S\u00e3o Paulo, no dia 11 de dezembro.<\/p>\n\n\n\n<p>\u201cAlgumas datas e locais do \u00faltimo trimestre de nossas categorias foram alterados, mas o importante \u00e9 que realizaremos todas as etapas previstas, o que \u00e9 importante para todos, incluindo f\u00e3s, patrocinadores e equipes\u201d, disse Fernando Julianelli, CEO da Vicar, pelo site oficial da categoria.<\/p>\n\n\n\n<p>Neste momento, Gabriel Casagrande lidera a Stock Car Brasil, com 259 pontos. Em segundo lugar est\u00e1 Daniel Serra, com 241, e em terceiro est\u00e1 Rubens Barrichello, com 239 pontos. A pr\u00f3xima etapa da categoria acontece em 22 de outubro, em Goi\u00e2nia\/GO.<\/p>\n","protected":false},"excerpt":{"rendered":"<p>Foto: Ag\u00eancia Bras\u00edlia Agora \u00e9 oficial. A temporada 2022 da Stock Car Brasil n\u00e3o ser\u00e1 definida na capital federal. A VICAR, empresa que administra e coordena a categoria, anunciou pelo site oficial da modalidade que n\u00e3o realizar\u00e1 a Super Final no Aut\u00f3dromo Internacional Nelson Piquet. Isso porque as obras do aut\u00f3dromo ainda n\u00e3o ficaram conclu\u00eddas [&hellip;]<\/p>\n","protected":false},"author":2,"featured_media":12376,"comment_status":"closed","ping_status":"closed","sticky":false,"template":"","format":"standard","meta":{"footnotes":""},"categories":[2],"tags":[],"class_list":["post-22397","post","type-post","status-publish","format-standard","has-post-thumbnail","hentry","category-outros"],"_links":{"self":[{"href":"https:\/\/www.esportesbrasilia.com.br\/noticias\/wp-json\/wp\/v2\/posts\/22397","targetHints":{"allow":["GET"]}}],"collection":[{"href":"https:\/\/www.esportesbrasilia.com.br\/noticias\/wp-json\/wp\/v2\/posts"}],"about":[{"href":"https:\/\/www.esportesbrasilia.com.br\/noticias\/wp-json\/wp\/v2\/types\/post"}],"author":[{"embeddable":true,"href":"https:\/\/www.esportesbrasilia.com.br\/noticias\/wp-json\/wp\/v2\/users\/2"}],"replies":[{"embeddable":true,"href":"https:\/\/www.esportesbrasilia.com.br\/noticias\/wp-json\/wp\/v2\/comments?post=22397"}],"version-history":[{"count":1,"href":"https:\/\/www.esportesbrasilia.com.br\/noticias\/wp-json\/wp\/v2\/posts\/22397\/revisions"}],"predecessor-version":[{"id":22398,"href":"https:\/\/www.esportesbrasilia.com.br\/noticias\/wp-json\/wp\/v2\/posts\/22397\/revisions\/22398"}],"wp:featuredmedia":[{"embeddable":true,"href":"https:\/\/www.esportesbrasilia.com.br\/noticias\/wp-json\/wp\/v2\/media\/12376"}],"wp:attachment":[{"href":"https:\/\/www.esportesbrasilia.com.br\/noticias\/wp-json\/wp\/v2\/media?parent=22397"}],"wp:term":[{"taxonomy":"category","embeddable":true,"href":"https:\/\/www.esportesbrasilia.com.br\/noticias\/wp-json\/wp\/v2\/categories?post=22397"},{"taxonomy":"post_tag","embeddable":true,"href":"https:\/\/www.esportesbrasilia.com.br\/noticias\/wp-json\/wp\/v2\/tags?post=22397"}],"curies":[{"name":"wp","href":"https:\/\/api.w.org\/{rel}","templated":true}]}}