{"id":22385,"date":"2022-10-03T17:22:27","date_gmt":"2022-10-03T20:22:27","guid":{"rendered":"https:\/\/www.esportesbrasilia.com.br\/noticias\/?p=22385"},"modified":"2022-10-03T17:22:27","modified_gmt":"2022-10-03T20:22:27","slug":"ibaneis-e-mais-quatro-anos-a-frente-do-esporte-no-df","status":"publish","type":"post","link":"https:\/\/www.esportesbrasilia.com.br\/noticias\/colunas\/notatico\/ibaneis-e-mais-quatro-anos-a-frente-do-esporte-no-df.html","title":{"rendered":"Ibaneis e mais quatro anos \u00e0 frente do esporte no DF"},"content":{"rendered":"\n<p>Paulo Martins<\/p>\n\n\n\n<p>O assunto de hoje n\u00e3o tinha como ser outro, por mais que eu seja respons\u00e1vel pela linha editorial da pr\u00f3pria coluna, pela qual agrade\u00e7o a autonomia \u00e0 dire\u00e7\u00e3o da <strong>Esportes Bras\u00edlia<\/strong>.<\/p>\n\n\n\n<p>Passado este mini discurso mais eleitoral do que sinal da urna eletr\u00f4nica, venho aqui questionar o que far\u00e1 Sua Excel\u00eancia, o reeleito Governador do Distrito Federal Ibaneis Rocha sobre o esporte na capital do pa\u00eds. Se \u00e9 que isto sequer passar\u00e1 pelo Eixo Monumental, que dir\u00e1 \u00e0s portas do Pal\u00e1cio do Buriti.<\/p>\n\n\n\n<p>Contestada a parceria do clube com maior torcida no Brasil (e que em Bras\u00edlia n\u00e3o \u00e9 diferente), ser\u00e1 que a parceria com o BRB segue at\u00e9 2026? E se segue, pagaremos TODOS pelos sal\u00e1rios de Gabriel, Arrascaeta, David Luiz e companhia?<\/p>\n\n\n\n<p>Ora, o Estado \u00e9 acionista principal de um banco que patrocina um time de futebol. Na pr\u00e1tica, ato ilegal dentro da recente forma da Constitui\u00e7\u00e3o para o assunto.<\/p>\n\n\n\n<p>Para os flamenguistas da capital, compensa a flamengocracia de Ibaneis. E para a imprensa local \u00e9 interessante ver um time como o Fla vir at\u00e9 aqui para exibir seu futebol e cobri-lo com a maior satisfa\u00e7\u00e3o, ainda que n\u00e3o deva ser nossa obriga\u00e7\u00e3o sustent\u00e1-lo como atualmente \u00e9.<\/p>\n\n\n\n<p>Enquanto isso, apenas um time conseguir fechar as contas em super\u00e1vit enquanto se complica administrativamente e o restante do esporte do DF (at\u00e9 o basquete, j\u00e1 hist\u00f3rico na cidade) definha tristemente.<\/p>\n\n\n\n<p>Claro que h\u00e1 quest\u00f5es muito mais fundamentais como a sa\u00fade, a economia ou a mobilidade urbana, que est\u00e3o um caos. Mas o que \u00e9 nosso tamb\u00e9m tem que ter suporte para mostrar seu valor. Um governo que se preze deve prezar por tudo e por todos.<\/p>\n","protected":false},"excerpt":{"rendered":"<p>Paulo Martins O assunto de hoje n\u00e3o tinha como ser outro, por mais que eu seja respons\u00e1vel pela linha editorial da pr\u00f3pria coluna, pela qual agrade\u00e7o a autonomia \u00e0 dire\u00e7\u00e3o da Esportes Bras\u00edlia. Passado este mini discurso mais eleitoral do que sinal da urna eletr\u00f4nica, venho aqui questionar o que far\u00e1 Sua Excel\u00eancia, o reeleito [&hellip;]<\/p>\n","protected":false},"author":1,"featured_media":21716,"comment_status":"closed","ping_status":"closed","sticky":false,"template":"","format":"standard","meta":{"footnotes":""},"categories":[1029],"tags":[],"class_list":["post-22385","post","type-post","status-publish","format-standard","has-post-thumbnail","hentry","category-notatico"],"_links":{"self":[{"href":"https:\/\/www.esportesbrasilia.com.br\/noticias\/wp-json\/wp\/v2\/posts\/22385","targetHints":{"allow":["GET"]}}],"collection":[{"href":"https:\/\/www.esportesbrasilia.com.br\/noticias\/wp-json\/wp\/v2\/posts"}],"about":[{"href":"https:\/\/www.esportesbrasilia.com.br\/noticias\/wp-json\/wp\/v2\/types\/post"}],"author":[{"embeddable":true,"href":"https:\/\/www.esportesbrasilia.com.br\/noticias\/wp-json\/wp\/v2\/users\/1"}],"replies":[{"embeddable":true,"href":"https:\/\/www.esportesbrasilia.com.br\/noticias\/wp-json\/wp\/v2\/comments?post=22385"}],"version-history":[{"count":1,"href":"https:\/\/www.esportesbrasilia.com.br\/noticias\/wp-json\/wp\/v2\/posts\/22385\/revisions"}],"predecessor-version":[{"id":22386,"href":"https:\/\/www.esportesbrasilia.com.br\/noticias\/wp-json\/wp\/v2\/posts\/22385\/revisions\/22386"}],"wp:featuredmedia":[{"embeddable":true,"href":"https:\/\/www.esportesbrasilia.com.br\/noticias\/wp-json\/wp\/v2\/media\/21716"}],"wp:attachment":[{"href":"https:\/\/www.esportesbrasilia.com.br\/noticias\/wp-json\/wp\/v2\/media?parent=22385"}],"wp:term":[{"taxonomy":"category","embeddable":true,"href":"https:\/\/www.esportesbrasilia.com.br\/noticias\/wp-json\/wp\/v2\/categories?post=22385"},{"taxonomy":"post_tag","embeddable":true,"href":"https:\/\/www.esportesbrasilia.com.br\/noticias\/wp-json\/wp\/v2\/tags?post=22385"}],"curies":[{"name":"wp","href":"https:\/\/api.w.org\/{rel}","templated":true}]}}