{"id":22344,"date":"2022-09-15T14:17:00","date_gmt":"2022-09-15T17:17:00","guid":{"rendered":"https:\/\/www.esportesbrasilia.com.br\/noticias\/?p=22344"},"modified":"2022-09-19T20:07:55","modified_gmt":"2022-09-19T23:07:55","slug":"atleta-tem-ajuda-de-custo-negada-e-secretaria-de-esportes-alega-falta-de-recursos","status":"publish","type":"post","link":"https:\/\/www.esportesbrasilia.com.br\/noticias\/outros\/atleta-tem-ajuda-de-custo-negada-e-secretaria-de-esportes-alega-falta-de-recursos.html","title":{"rendered":"Atleta tem ajuda de custo negada e Secretaria de Esportes alega falta de recursos"},"content":{"rendered":"\n<p>Um jovem lutador de kickboxing se classifica para uma competi\u00e7\u00e3o importante em sua modalidade. Ao pedir ajuda ao setor p\u00fablico, recebe uma negativa como resposta.<\/p>\n\n\n\n<p>Trata-se da situa\u00e7\u00e3o de Yan Reis, mais conhecido como \u201cYan Problema\u201d: bicampe\u00e3o brasileiro e campe\u00e3o sul-americano de kickboxing, campe\u00e3o brasiliense de Jiu Jitsu e vencedor do BFT MMA Amador. Com um vasto curr\u00edculo, o competidor do projeto social do Itap\u00f5a, \u201cLutadores do Gueto&#8221;, se classificou para o Mundial de Kickboxing, em Veneza, na It\u00e1lia.<\/p>\n\n\n\n<p>Procurada pelo projeto para ajudar nos gastos com a viagem, a Secretaria de Esportes do GDF (SELDF) disse n\u00e3o. Com a recusa, seu mestre, Marcelo Pirica e Yan n\u00e3o entraram com recurso para tentar uma nova an\u00e1lise com a pasta. Segundo Marcelo, o primeiro pedido foi feito h\u00e1 60 dias atr\u00e1s e s\u00f3 obteve retorno no dia 11\/09, sendo que o atleta tem que estar no local da competi\u00e7\u00e3o no final deste m\u00eas \u201cSe pra verem seu pedido demorou quase 40 dias, imagina um recurso [\u2026] Ele tem que t\u00e1 dentro do avi\u00e3o dia 29, eu desisti do Compete\u201d.<\/p>\n\n\n\n<p>N\u00e3o \u00e9 a primeira vez que o mestre e seus lutadores t\u00eam pedidos rejeitados ou n\u00e3o analisados pela SELDF. Neste ano, o Lutadores do Gueto interpelou pela ajuda de custeio aos seus competidores para a disputa do Mundial Aberto da Turquia, que sequer foi respondido, Pirica ainda afirmou que \u201cpor incrivel que pare\u00e7a, ainda est\u00e1 em an\u00e1lise&#8221; e que nenhum atleta de Bras\u00edlia conseguiu comparecer no evento.<\/p>\n\n\n\n<p>No ano passado, outro caso curioso. Faltando uma semana para o torneio Sul-Americano, que ocorreu em Cascavel (PR), foi confirmada a ajuda de custo aos competidores. Por\u00e9m, as passagens n\u00e3o chegaram \u201cRecebi a mensagem e tava tudo certo, ficamos esperando emitirem as passagens. Quando foi o dia da viagem, a\u00ed eu comecei a ligar perguntando \u2018cad\u00ea a passagem\u2019, uma pessoa l\u00e1 de dentro tentou, tentou, mas quando deu 18h da tarde, falaram que n\u00e3o iam dar mais a passagem\u201d. Os atletas que, na ocasi\u00e3o, iriam viajar na sexta-feira, tinham de estar no s\u00e1bado no estado paranaense para a pesagem.<\/p>\n\n\n\n<p>O treinador conta que teve que pagar de seu pr\u00f3prio bolso a ida a Cascavel \u201cPeguei o cart\u00e3o da minha m\u00e3e, paguei pra mim, pro Yan e pra outro atleta meu, o Yago. At\u00e9 hoje, t\u00f4 pagando&#8221;, comenta. Durante o Sul-Americano, todos foram campe\u00f5es. A Secretaria pagou as passagens de volta da delega\u00e7\u00e3o.<\/p>\n\n\n\n<p>Em contato com a reportagem da <strong>Esportes Bras\u00edlia<\/strong>, a pasta alegou que o or\u00e7amento estabelecido em 2021 para o programa Compete Bras\u00edlia, projeto que visa o incentivo da participa\u00e7\u00e3o de atletas e para-atletas em competi\u00e7\u00f5es, foi comprometido neste ano pelo \u201caumento de passagens a\u00e9reas e terrestre em todo o mundo\u201d e pela \u201ca\u00e7\u00e3o de contingenciamento do GDF diante da queda na arrecada\u00e7\u00e3o do ICMS dos<br>combust\u00edveis\u201d.<\/p>\n\n\n\n<p>O or\u00e7amento de mais de R$ 7 milh\u00f5es, segundo a Secretaria, acabou em agosto deste ano, com a realiza\u00e7\u00e3o de 2450 viagens nacionais e internacionais. A pasta afirmou tamb\u00e9m que est\u00e1 em busca de mais recursos para o Programa.<\/p>\n\n\n\n<p><strong>Vaquinha para Yan<\/strong><\/p>\n\n\n\n<p>Com a chegada do kickboxing aos esportes ol\u00edmpicos, Yan Reis \u00e9 cotado para ser um dos representantes do Brasil nas Olimp\u00edadas de 2024, em Paris. O garoto \u00e9 o n\u00famero um no ranking brasileiro da modalidade e no final do ano deve lutar no Pan-Americano de Kickboxing, tamb\u00e9m em Cascavel (PR).<\/p>\n\n\n\n<p>Antes disso, Yan tem o Mundial de Kickboxing para disputar. Est\u00e1 sendo realizada uma vaquinha e uma rifa de um cord\u00e3o para tornar realidade sua ida \u00e0 It\u00e1lia. A passagem para a Europa est\u00e1 avaliada em quase R$ 10 mil reais e j\u00e1 foram arrecadados R$ 3.400 mil reais em poucos dias.<\/p>\n\n\n\n<p>\u201cO Yan vai pra esse mundial, eu n\u00e3o tenho d\u00favida disso, ele vai [\u2026] n\u00f3s estamos nos movimentando e se n\u00e3o der, eu vou fazer um empr\u00e9stimo no banco, fui l\u00e1 no gerente e ele liberou o cr\u00e9dito pra mim, n\u00e3o tem jeito, ele vai e vai trazer esse t\u00edtulo pra gente, pro Itapo\u00e3, porque nem Bras\u00edlia, nem o Brasil ajuda ele, ele vai trazer pro Itapo\u00e3, pro Lutadores do Gueto\u201d afirma confiante, Marcelo.<\/p>\n","protected":false},"excerpt":{"rendered":"<p>Um jovem lutador de kickboxing se classifica para uma competi\u00e7\u00e3o importante em sua modalidade. Ao pedir ajuda ao setor p\u00fablico, recebe uma negativa como resposta. Trata-se da situa\u00e7\u00e3o de Yan Reis, mais conhecido como \u201cYan Problema\u201d: bicampe\u00e3o brasileiro e campe\u00e3o sul-americano de kickboxing, campe\u00e3o brasiliense de Jiu Jitsu e vencedor do BFT MMA Amador. Com [&hellip;]<\/p>\n","protected":false},"author":47,"featured_media":22360,"comment_status":"closed","ping_status":"closed","sticky":false,"template":"","format":"standard","meta":{"footnotes":""},"categories":[2],"tags":[],"class_list":["post-22344","post","type-post","status-publish","format-standard","has-post-thumbnail","hentry","category-outros"],"_links":{"self":[{"href":"https:\/\/www.esportesbrasilia.com.br\/noticias\/wp-json\/wp\/v2\/posts\/22344","targetHints":{"allow":["GET"]}}],"collection":[{"href":"https:\/\/www.esportesbrasilia.com.br\/noticias\/wp-json\/wp\/v2\/posts"}],"about":[{"href":"https:\/\/www.esportesbrasilia.com.br\/noticias\/wp-json\/wp\/v2\/types\/post"}],"author":[{"embeddable":true,"href":"https:\/\/www.esportesbrasilia.com.br\/noticias\/wp-json\/wp\/v2\/users\/47"}],"replies":[{"embeddable":true,"href":"https:\/\/www.esportesbrasilia.com.br\/noticias\/wp-json\/wp\/v2\/comments?post=22344"}],"version-history":[{"count":6,"href":"https:\/\/www.esportesbrasilia.com.br\/noticias\/wp-json\/wp\/v2\/posts\/22344\/revisions"}],"predecessor-version":[{"id":22363,"href":"https:\/\/www.esportesbrasilia.com.br\/noticias\/wp-json\/wp\/v2\/posts\/22344\/revisions\/22363"}],"wp:featuredmedia":[{"embeddable":true,"href":"https:\/\/www.esportesbrasilia.com.br\/noticias\/wp-json\/wp\/v2\/media\/22360"}],"wp:attachment":[{"href":"https:\/\/www.esportesbrasilia.com.br\/noticias\/wp-json\/wp\/v2\/media?parent=22344"}],"wp:term":[{"taxonomy":"category","embeddable":true,"href":"https:\/\/www.esportesbrasilia.com.br\/noticias\/wp-json\/wp\/v2\/categories?post=22344"},{"taxonomy":"post_tag","embeddable":true,"href":"https:\/\/www.esportesbrasilia.com.br\/noticias\/wp-json\/wp\/v2\/tags?post=22344"}],"curies":[{"name":"wp","href":"https:\/\/api.w.org\/{rel}","templated":true}]}}