{"id":22295,"date":"2022-09-01T11:10:10","date_gmt":"2022-09-01T14:10:10","guid":{"rendered":"https:\/\/www.esportesbrasilia.com.br\/noticias\/?p=22295"},"modified":"2022-09-01T11:10:11","modified_gmt":"2022-09-01T14:10:11","slug":"termina-primeira-fase-da-ldb-2022-cerrado-classificado-brasilia-eliminado","status":"publish","type":"post","link":"https:\/\/www.esportesbrasilia.com.br\/noticias\/basquete\/termina-primeira-fase-da-ldb-2022-cerrado-classificado-brasilia-eliminado.html","title":{"rendered":"Termina primeira fase da LDB 2022: Cerrado classificado, Bras\u00edlia eliminado"},"content":{"rendered":"\n<p>Terminou, nesta semana, a primeira fase da Liga de Desenvolvimento de Basquete, a LDB, competi\u00e7\u00e3o disputada por equipes de base, na categoria sub-22.<\/p>\n\n\n\n<p>O Distrito Federal teve dois representantes: o Bras\u00edlia Basquete, que foi apoiado pelo ClubeX, e o Cerrado Basquete, apoiado pela Aseel.<\/p>\n\n\n\n<p>O Bras\u00edlia Basquete, comandando por Michael Swioklo, o Mika, terminou a primeira fase na lanterna do grupo A. Em dez jogos, foram dez derrotas. Os destaques foram Cadu, que anotou uma m\u00e9dia de 17,9 pontos, 12,7 rebotes e 16,4 de efici\u00eancia, Vilarinho, com 11,5 pontos de m\u00e9dia, e Beller, com 9,8 pontos.<\/p>\n\n\n\n<figure class=\"wp-block-image size-large\"><img loading=\"lazy\" decoding=\"async\" width=\"1024\" height=\"683\" src=\"https:\/\/www.esportesbrasilia.com.br\/noticias\/wp-content\/uploads\/brasiliabasqueteldb_decopires-1024x683.jpg\" alt=\"\" class=\"wp-image-22297\" srcset=\"https:\/\/www.esportesbrasilia.com.br\/noticias\/wp-content\/uploads\/brasiliabasqueteldb_decopires-1024x683.jpg 1024w, https:\/\/www.esportesbrasilia.com.br\/noticias\/wp-content\/uploads\/brasiliabasqueteldb_decopires-300x200.jpg 300w, https:\/\/www.esportesbrasilia.com.br\/noticias\/wp-content\/uploads\/brasiliabasqueteldb_decopires-768x512.jpg 768w, https:\/\/www.esportesbrasilia.com.br\/noticias\/wp-content\/uploads\/brasiliabasqueteldb_decopires-1536x1024.jpg 1536w, https:\/\/www.esportesbrasilia.com.br\/noticias\/wp-content\/uploads\/brasiliabasqueteldb_decopires-2048x1365.jpg 2048w\" sizes=\"auto, (max-width: 1024px) 100vw, 1024px\" \/><figcaption>Bras\u00edlia Basquete fechou a LDB na lanterna da chave A &#8211; Foto: Deco Pires\/LNB<\/figcaption><\/figure>\n\n\n\n<p>J\u00e1 o Cerrado Basquete, treinado por Alan Monteiro, encerrou a fase classificat\u00f3ria na quarta posi\u00e7\u00e3o do grupo B e garantiu a vaga nas quartas de final. Os destaques foram Ruan Miranda, que obteve uma m\u00e9dia de 18,5 pontos, 11,8 rebotes e 25,9 de efici\u00eancia, anotando a terceira maior da hist\u00f3ria da LDB, Augusto, com 11,9 pontos de m\u00e9dia, e Robsinho, com 12,4 pontos.<\/p>\n\n\n\n<figure class=\"wp-block-image size-large\"><img loading=\"lazy\" decoding=\"async\" width=\"1024\" height=\"683\" src=\"https:\/\/www.esportesbrasilia.com.br\/noticias\/wp-content\/uploads\/cerradobasqueteldb_joaopires-1024x683.jpg\" alt=\"\" class=\"wp-image-22296\" srcset=\"https:\/\/www.esportesbrasilia.com.br\/noticias\/wp-content\/uploads\/cerradobasqueteldb_joaopires-1024x683.jpg 1024w, https:\/\/www.esportesbrasilia.com.br\/noticias\/wp-content\/uploads\/cerradobasqueteldb_joaopires-300x200.jpg 300w, https:\/\/www.esportesbrasilia.com.br\/noticias\/wp-content\/uploads\/cerradobasqueteldb_joaopires-768x512.jpg 768w, https:\/\/www.esportesbrasilia.com.br\/noticias\/wp-content\/uploads\/cerradobasqueteldb_joaopires-1536x1024.jpg 1536w, https:\/\/www.esportesbrasilia.com.br\/noticias\/wp-content\/uploads\/cerradobasqueteldb_joaopires-2048x1365.jpg 2048w\" sizes=\"auto, (max-width: 1024px) 100vw, 1024px\" \/><figcaption>Cerrado conquistou sete vit\u00f3rias em 11 jogos e garantiu vaga na segunda fase da LDB &#8211; Foto: Jo\u00e3o Pires\/LNB<\/figcaption><\/figure>\n\n\n\n<p>Na segunda fase, o Verd\u00e3o candango foi alocado no grupo D, ao lado dos paulistas S\u00e3o Jos\u00e9 dos Campos, S\u00e3o Paulo e Paulistano. As partidas ser\u00e3o disputadas no Esporte Clube Pinheiros, entre os dias 26 de setembro e 01 de outubro.<\/p>\n","protected":false},"excerpt":{"rendered":"<p>Terminou, nesta semana, a primeira fase da Liga de Desenvolvimento de Basquete, a LDB, competi\u00e7\u00e3o disputada por equipes de base, na categoria sub-22. O Distrito Federal teve dois representantes: o Bras\u00edlia Basquete, que foi apoiado pelo ClubeX, e o Cerrado Basquete, apoiado pela Aseel. O Bras\u00edlia Basquete, comandando por Michael Swioklo, o Mika, terminou a [&hellip;]<\/p>\n","protected":false},"author":2,"featured_media":22296,"comment_status":"closed","ping_status":"closed","sticky":false,"template":"","format":"standard","meta":{"footnotes":""},"categories":[12],"tags":[886,151,1084],"class_list":["post-22295","post","type-post","status-publish","format-standard","has-post-thumbnail","hentry","category-basquete","tag-brasilia-basquete","tag-cerrado-basquete","tag-ldb"],"_links":{"self":[{"href":"https:\/\/www.esportesbrasilia.com.br\/noticias\/wp-json\/wp\/v2\/posts\/22295","targetHints":{"allow":["GET"]}}],"collection":[{"href":"https:\/\/www.esportesbrasilia.com.br\/noticias\/wp-json\/wp\/v2\/posts"}],"about":[{"href":"https:\/\/www.esportesbrasilia.com.br\/noticias\/wp-json\/wp\/v2\/types\/post"}],"author":[{"embeddable":true,"href":"https:\/\/www.esportesbrasilia.com.br\/noticias\/wp-json\/wp\/v2\/users\/2"}],"replies":[{"embeddable":true,"href":"https:\/\/www.esportesbrasilia.com.br\/noticias\/wp-json\/wp\/v2\/comments?post=22295"}],"version-history":[{"count":1,"href":"https:\/\/www.esportesbrasilia.com.br\/noticias\/wp-json\/wp\/v2\/posts\/22295\/revisions"}],"predecessor-version":[{"id":22298,"href":"https:\/\/www.esportesbrasilia.com.br\/noticias\/wp-json\/wp\/v2\/posts\/22295\/revisions\/22298"}],"wp:featuredmedia":[{"embeddable":true,"href":"https:\/\/www.esportesbrasilia.com.br\/noticias\/wp-json\/wp\/v2\/media\/22296"}],"wp:attachment":[{"href":"https:\/\/www.esportesbrasilia.com.br\/noticias\/wp-json\/wp\/v2\/media?parent=22295"}],"wp:term":[{"taxonomy":"category","embeddable":true,"href":"https:\/\/www.esportesbrasilia.com.br\/noticias\/wp-json\/wp\/v2\/categories?post=22295"},{"taxonomy":"post_tag","embeddable":true,"href":"https:\/\/www.esportesbrasilia.com.br\/noticias\/wp-json\/wp\/v2\/tags?post=22295"}],"curies":[{"name":"wp","href":"https:\/\/api.w.org\/{rel}","templated":true}]}}