{"id":22255,"date":"2022-08-26T18:23:59","date_gmt":"2022-08-26T21:23:59","guid":{"rendered":"https:\/\/www.esportesbrasilia.com.br\/noticias\/?p=22255"},"modified":"2022-08-26T18:24:00","modified_gmt":"2022-08-26T21:24:00","slug":"times-do-df-confirmam-situacao-da-copa-verde-gato-fora-jacare-dentro","status":"publish","type":"post","link":"https:\/\/www.esportesbrasilia.com.br\/noticias\/futebol\/times-do-df-confirmam-situacao-da-copa-verde-gato-fora-jacare-dentro.html","title":{"rendered":"Times do DF confirmam situa\u00e7\u00e3o da Copa Verde: Gato fora, Jacar\u00e9 dentro"},"content":{"rendered":"\n<p>Os times do Distrito Federal tinham at\u00e9 esta sexta-feira (26) para confirmar a participa\u00e7\u00e3o na edi\u00e7\u00e3o 2022 da Copa Verde, prevista para come\u00e7ar em 25 de outubro.<\/p>\n\n\n\n<p>O Ceil\u00e2ndia, por meio da assessoria de comunica\u00e7\u00e3o, confirmou que n\u00e3o vai participar da competi\u00e7\u00e3o. O motivo seria a falta de elenco para disputar o torneio.<\/p>\n\n\n\n<p>J\u00e1 o Brasiliense confirmou que vai disputar a Copa Verde, onde j\u00e1 foi campe\u00e3o em 2020. A equipe deve se reapresentar nos pr\u00f3ximos dias para se preparar para a Copa Verde. S\u00f3 ainda n\u00e3o se sabe como deve ser composta a comiss\u00e3o t\u00e9cnica, uma vez que o \u00faltimo treinador, Celso Teixeira, foi demitido.<\/p>\n\n\n\n<p>At\u00e9 o momento, o Ceil\u00e2ndia \u00e9 o sexto clube a desistir da competi\u00e7\u00e3o. Gr\u00eamio An\u00e1polis\/GO, Atl\u00e9tico Goianiense\/GO, Remo\/PA, Nova Ven\u00e9cia\/ES e Manaus\/AM tamb\u00e9m n\u00e3o participar\u00e3o desta edi\u00e7\u00e3o.<\/p>\n","protected":false},"excerpt":{"rendered":"<p>Os times do Distrito Federal tinham at\u00e9 esta sexta-feira (26) para confirmar a participa\u00e7\u00e3o na edi\u00e7\u00e3o 2022 da Copa Verde, prevista para come\u00e7ar em 25 de outubro. O Ceil\u00e2ndia, por meio da assessoria de comunica\u00e7\u00e3o, confirmou que n\u00e3o vai participar da competi\u00e7\u00e3o. O motivo seria a falta de elenco para disputar o torneio. J\u00e1 o [&hellip;]<\/p>\n","protected":false},"author":2,"featured_media":20175,"comment_status":"closed","ping_status":"closed","sticky":false,"template":"","format":"standard","meta":{"footnotes":""},"categories":[8],"tags":[],"class_list":["post-22255","post","type-post","status-publish","format-standard","has-post-thumbnail","hentry","category-futebol"],"_links":{"self":[{"href":"https:\/\/www.esportesbrasilia.com.br\/noticias\/wp-json\/wp\/v2\/posts\/22255","targetHints":{"allow":["GET"]}}],"collection":[{"href":"https:\/\/www.esportesbrasilia.com.br\/noticias\/wp-json\/wp\/v2\/posts"}],"about":[{"href":"https:\/\/www.esportesbrasilia.com.br\/noticias\/wp-json\/wp\/v2\/types\/post"}],"author":[{"embeddable":true,"href":"https:\/\/www.esportesbrasilia.com.br\/noticias\/wp-json\/wp\/v2\/users\/2"}],"replies":[{"embeddable":true,"href":"https:\/\/www.esportesbrasilia.com.br\/noticias\/wp-json\/wp\/v2\/comments?post=22255"}],"version-history":[{"count":1,"href":"https:\/\/www.esportesbrasilia.com.br\/noticias\/wp-json\/wp\/v2\/posts\/22255\/revisions"}],"predecessor-version":[{"id":22256,"href":"https:\/\/www.esportesbrasilia.com.br\/noticias\/wp-json\/wp\/v2\/posts\/22255\/revisions\/22256"}],"wp:featuredmedia":[{"embeddable":true,"href":"https:\/\/www.esportesbrasilia.com.br\/noticias\/wp-json\/wp\/v2\/media\/20175"}],"wp:attachment":[{"href":"https:\/\/www.esportesbrasilia.com.br\/noticias\/wp-json\/wp\/v2\/media?parent=22255"}],"wp:term":[{"taxonomy":"category","embeddable":true,"href":"https:\/\/www.esportesbrasilia.com.br\/noticias\/wp-json\/wp\/v2\/categories?post=22255"},{"taxonomy":"post_tag","embeddable":true,"href":"https:\/\/www.esportesbrasilia.com.br\/noticias\/wp-json\/wp\/v2\/tags?post=22255"}],"curies":[{"name":"wp","href":"https:\/\/api.w.org\/{rel}","templated":true}]}}