{"id":22243,"date":"2022-08-22T13:06:10","date_gmt":"2022-08-22T16:06:10","guid":{"rendered":"https:\/\/www.esportesbrasilia.com.br\/noticias\/?p=22243"},"modified":"2022-08-22T13:06:12","modified_gmt":"2022-08-22T16:06:12","slug":"quando-o-futebol-brasileiro-deixou-de-ser-democratico","status":"publish","type":"post","link":"https:\/\/www.esportesbrasilia.com.br\/noticias\/colunas\/notatico\/quando-o-futebol-brasileiro-deixou-de-ser-democratico.html","title":{"rendered":"Quando o futebol brasileiro deixou de ser democr\u00e1tico?"},"content":{"rendered":"\n<p>Paulo Martins<\/p>\n\n\n\n<p>Logo que se iniciem as semifinais da Copa do Brasil, muitos (ou todos) os torcedores e seus times envolvidos s\u00f3 pensar\u00e3o em uma coisa: no rico pr\u00eamio de R$ 50 milh\u00f5es. Se um dia a copa milion\u00e1ria foi para os pobres, hoje j\u00e1 n\u00e3o se lembra.<\/p>\n\n\n\n<p>Crici\u00fama, Paulista de Jundia\u00ed, Juventude, Santo Andr\u00e9, Sport\u2026 nunca mais ser\u00e3o campe\u00f5es. Questiono-me, vendo os times que chegam \u00e0s fases agudas, quando o futebol brasileiro deixou de celebrar sua copa nacional como a mais democr\u00e1tica do mundo.<\/p>\n\n\n\n<p>Times como Brasiliense, Vit\u00f3ria e Figueirense agora t\u00eam chance remota (para n\u00e3o dizer nula) de fazer hist\u00f3ria. Esta est\u00e1 restrita aos grandes. N\u00e3o tenho nada contra eles, mas, a magia il\u00f3gica do futebol se perde uma vez que n\u00e3o se d\u00e1 oportunidade de um time menor ter uma m\u00ednima fa\u00e7anha em sua vida.<\/p>\n\n\n\n<p>Se isto for uma declara\u00e7\u00e3o contra o glamour do futebol moderno, que assim seja. Esse adorado esporte \u00e9 de todos, mas sua l\u00f3gica profissional se tornou estritamente elitista. A bola virou moeda, se sabe. O jogo de sonhadores e de gente que quer mostrar suas ideias ao mundo j\u00e1 n\u00e3o mais existe.<\/p>\n\n\n\n<p>Logo os gramados ser\u00e3o vermelhos como os tapetes de hot\u00e9is luxuosos onde realmente se situa a alma do futebol: presa e vendida. Um exemplar de uma esp\u00e9cie em extin\u00e7\u00e3o que foi raptada pela sujeira pr\u00e1tica do dinheiro. A quem restou, que se matem para ver quem morre por \u00faltimo.<\/p>\n","protected":false},"excerpt":{"rendered":"<p>Paulo Martins Logo que se iniciem as semifinais da Copa do Brasil, muitos (ou todos) os torcedores e seus times envolvidos s\u00f3 pensar\u00e3o em uma coisa: no rico pr\u00eamio de R$ 50 milh\u00f5es. Se um dia a copa milion\u00e1ria foi para os pobres, hoje j\u00e1 n\u00e3o se lembra. Crici\u00fama, Paulista de Jundia\u00ed, Juventude, Santo Andr\u00e9, [&hellip;]<\/p>\n","protected":false},"author":1,"featured_media":21716,"comment_status":"closed","ping_status":"closed","sticky":false,"template":"","format":"standard","meta":{"footnotes":""},"categories":[1029],"tags":[],"class_list":["post-22243","post","type-post","status-publish","format-standard","has-post-thumbnail","hentry","category-notatico"],"_links":{"self":[{"href":"https:\/\/www.esportesbrasilia.com.br\/noticias\/wp-json\/wp\/v2\/posts\/22243","targetHints":{"allow":["GET"]}}],"collection":[{"href":"https:\/\/www.esportesbrasilia.com.br\/noticias\/wp-json\/wp\/v2\/posts"}],"about":[{"href":"https:\/\/www.esportesbrasilia.com.br\/noticias\/wp-json\/wp\/v2\/types\/post"}],"author":[{"embeddable":true,"href":"https:\/\/www.esportesbrasilia.com.br\/noticias\/wp-json\/wp\/v2\/users\/1"}],"replies":[{"embeddable":true,"href":"https:\/\/www.esportesbrasilia.com.br\/noticias\/wp-json\/wp\/v2\/comments?post=22243"}],"version-history":[{"count":1,"href":"https:\/\/www.esportesbrasilia.com.br\/noticias\/wp-json\/wp\/v2\/posts\/22243\/revisions"}],"predecessor-version":[{"id":22244,"href":"https:\/\/www.esportesbrasilia.com.br\/noticias\/wp-json\/wp\/v2\/posts\/22243\/revisions\/22244"}],"wp:featuredmedia":[{"embeddable":true,"href":"https:\/\/www.esportesbrasilia.com.br\/noticias\/wp-json\/wp\/v2\/media\/21716"}],"wp:attachment":[{"href":"https:\/\/www.esportesbrasilia.com.br\/noticias\/wp-json\/wp\/v2\/media?parent=22243"}],"wp:term":[{"taxonomy":"category","embeddable":true,"href":"https:\/\/www.esportesbrasilia.com.br\/noticias\/wp-json\/wp\/v2\/categories?post=22243"},{"taxonomy":"post_tag","embeddable":true,"href":"https:\/\/www.esportesbrasilia.com.br\/noticias\/wp-json\/wp\/v2\/tags?post=22243"}],"curies":[{"name":"wp","href":"https:\/\/api.w.org\/{rel}","templated":true}]}}