{"id":22203,"date":"2022-08-12T21:05:10","date_gmt":"2022-08-13T00:05:10","guid":{"rendered":"https:\/\/www.esportesbrasilia.com.br\/noticias\/?p=22203"},"modified":"2022-08-12T21:05:11","modified_gmt":"2022-08-13T00:05:11","slug":"nada-como-um-dia-apos-o-outro-marcos-sidney-e-comissao-permanecem-no-sesp","status":"publish","type":"post","link":"https:\/\/www.esportesbrasilia.com.br\/noticias\/futebol\/nada-como-um-dia-apos-o-outro-marcos-sidney-e-comissao-permanecem-no-sesp.html","title":{"rendered":"Nada como um dia ap\u00f3s o outro: Marcos Sidney e comiss\u00e3o permanecem no SESP"},"content":{"rendered":"\n<p>Voc\u00ea leu na \u00faltima quarta-feira (10) que Marcos Sidney e toda a comiss\u00e3o t\u00e9cnica haviam sido <strong><a href=\"https:\/\/www.esportesbrasilia.com.br\/noticias\/futebol\/tecnico-de-time-da-segundinha-e-demitido-no-intervalo-de-partida.html\" data-type=\"post\" data-id=\"22183\">demitidos pelo presidente do SESP Samambaense<\/a><\/strong>, Gerson Carvalho, no intervalo do jogo contra o Gr\u00eamio Valpara\u00edso, na derrota por 1&#215;0.<\/p>\n\n\n\n<p>No entanto, ap\u00f3s uma conversa com Gerson e Marcos, o problema foi todo contornado. Em entrevista \u00e0 reportagem da <strong>Esportes Brasilia<\/strong>, o dirigente informou que o treinador e a comiss\u00e3o permanecem no elenco.<\/p>\n\n\n\n<p>&#8220;J\u00e1 est\u00e1 tudo certo. Foi at\u00e9 bom, pois ele &#8216;entrou nos eixos&#8217;. Ele pediu para terminar o campeonato. Assim o fizemos, volta a comiss\u00e3o t\u00e9cnica toda e os jogadores que haviam sa\u00eddo&#8221;, explicou Gerson Carvalho.<\/p>\n\n\n\n<p><strong>Pedido de desculpas<\/strong><\/p>\n\n\n\n<p>Gerson tamb\u00e9m aproveitou para se retratar sobre o que havia dito do goleiro Guilherme. Na quarta-feira, o dirigente bradou pra cima do jogador. &#8220;Ele, aquele goleiro frangueiro dele, a comiss\u00e3o dele, vai todo mundo embora&#8221;, disse.<\/p>\n\n\n\n<p>Agora, com a cabe\u00e7a mais fria, Gerson garante ter se retratado com o arqueiro. &#8220;Tamb\u00e9m voltou o goleiro. Eu, inclusive, daquilo que eu falei, chamando ele de frangueiro, me retratei com o Guilherme. Vamos em frente&#8221;, afirmou.<\/p>\n\n\n\n<p>O SESP volta a campo neste s\u00e1bado (13), \u00e0s 15h30, diante do Ceilandense, no Abadi\u00e3o.<\/p>\n","protected":false},"excerpt":{"rendered":"<p>Voc\u00ea leu na \u00faltima quarta-feira (10) que Marcos Sidney e toda a comiss\u00e3o t\u00e9cnica haviam sido demitidos pelo presidente do SESP Samambaense, Gerson Carvalho, no intervalo do jogo contra o Gr\u00eamio Valpara\u00edso, na derrota por 1&#215;0. No entanto, ap\u00f3s uma conversa com Gerson e Marcos, o problema foi todo contornado. Em entrevista \u00e0 reportagem da [&hellip;]<\/p>\n","protected":false},"author":2,"featured_media":22122,"comment_status":"closed","ping_status":"closed","sticky":false,"template":"","format":"standard","meta":{"footnotes":""},"categories":[8],"tags":[],"class_list":["post-22203","post","type-post","status-publish","format-standard","has-post-thumbnail","hentry","category-futebol"],"_links":{"self":[{"href":"https:\/\/www.esportesbrasilia.com.br\/noticias\/wp-json\/wp\/v2\/posts\/22203","targetHints":{"allow":["GET"]}}],"collection":[{"href":"https:\/\/www.esportesbrasilia.com.br\/noticias\/wp-json\/wp\/v2\/posts"}],"about":[{"href":"https:\/\/www.esportesbrasilia.com.br\/noticias\/wp-json\/wp\/v2\/types\/post"}],"author":[{"embeddable":true,"href":"https:\/\/www.esportesbrasilia.com.br\/noticias\/wp-json\/wp\/v2\/users\/2"}],"replies":[{"embeddable":true,"href":"https:\/\/www.esportesbrasilia.com.br\/noticias\/wp-json\/wp\/v2\/comments?post=22203"}],"version-history":[{"count":1,"href":"https:\/\/www.esportesbrasilia.com.br\/noticias\/wp-json\/wp\/v2\/posts\/22203\/revisions"}],"predecessor-version":[{"id":22204,"href":"https:\/\/www.esportesbrasilia.com.br\/noticias\/wp-json\/wp\/v2\/posts\/22203\/revisions\/22204"}],"wp:featuredmedia":[{"embeddable":true,"href":"https:\/\/www.esportesbrasilia.com.br\/noticias\/wp-json\/wp\/v2\/media\/22122"}],"wp:attachment":[{"href":"https:\/\/www.esportesbrasilia.com.br\/noticias\/wp-json\/wp\/v2\/media?parent=22203"}],"wp:term":[{"taxonomy":"category","embeddable":true,"href":"https:\/\/www.esportesbrasilia.com.br\/noticias\/wp-json\/wp\/v2\/categories?post=22203"},{"taxonomy":"post_tag","embeddable":true,"href":"https:\/\/www.esportesbrasilia.com.br\/noticias\/wp-json\/wp\/v2\/tags?post=22203"}],"curies":[{"name":"wp","href":"https:\/\/api.w.org\/{rel}","templated":true}]}}