{"id":22190,"date":"2022-08-11T16:02:45","date_gmt":"2022-08-11T19:02:45","guid":{"rendered":"https:\/\/www.esportesbrasilia.com.br\/noticias\/?p=22190"},"modified":"2022-08-11T16:02:45","modified_gmt":"2022-08-11T19:02:45","slug":"lnb-confirma-participacao-de-brasilia-e-cerrado-no-nbb15","status":"publish","type":"post","link":"https:\/\/www.esportesbrasilia.com.br\/noticias\/basquete\/lnb-confirma-participacao-de-brasilia-e-cerrado-no-nbb15.html","title":{"rendered":"LNB confirma participa\u00e7\u00e3o de Bras\u00edlia e Cerrado no NBB15"},"content":{"rendered":"\n<p>Tudo pronto para a 15\u00aa edi\u00e7\u00e3o do NBB. Ap\u00f3s reuni\u00e3o do Conselho de Administra\u00e7\u00e3o da Liga Nacional de Basquete, foram confirmadas 17 equipes na temporada 2022\/2023 do basquete brasileiro.<\/p>\n\n\n\n<p>E, mais uma vez, o Distrito Federal estar\u00e1 representado por duas equipes: o Bras\u00edlia Basquete, que terminou a fase de competi\u00e7\u00e3o do \u00faltimo NBB na lanterna, e o Cerrado Basquete, que finalizou esta edi\u00e7\u00e3o na 15\u00aa coloca\u00e7\u00e3o.<\/p>\n\n\n\n<p>A \u00fanica mudan\u00e7a ser\u00e1 no estado de S\u00e3o Paulo, que n\u00e3o ter\u00e1 o Mogi Basquete, que pediu licen\u00e7a da competi\u00e7\u00e3o. No lugar, est\u00e1 de volta o S\u00e3o Jos\u00e9 dos Campos.<\/p>\n\n\n\n<p>Confira as 17 equipes que v\u00e3o atr\u00e1s do t\u00edtulo nacional a partir de 15 de outubro:<\/p>\n\n\n\n<ol class=\"wp-block-list\"><li>123 Minas (MG)<\/li><li>Bauru Basket (SP)\u00a0<\/li><li>BRB\/Bras\u00edlia (DF)<\/li><li>Caxias do Sul Basquete (RS)<\/li><li>Cerrado Basquete (DF)<\/li><li>Corinthians (SP)<\/li><li>Flamengo (RJ)<\/li><li>Fortaleza Basquete Cearense (CE)<\/li><li>SESI Franca (SP)<\/li><li>\u00a0Luvix\/Uni\u00e3o Corinthians (RS)<\/li><li>\u00a0S\u00e3o Jos\u00e9 Basketball (SP)<\/li><li>\u00a0Pato Basquete (PR)<\/li><li>\u00a0Paulistano (SP)<\/li><li>\u00a0Pinheiros (SP)<\/li><li>\u00a0Rio Claro Basquete (SP)<\/li><li>\u00a0S\u00e3o Paulo (SP)<\/li><li>\u00a0Unifacisa (PB)<\/li><\/ol>\n\n\n\n<p>A tabela deve ser divulgada ainda em agosto e a f\u00f3rmula de disputa ser\u00e1 a mesma da \u00faltima temporada, com jogos de ida e volta. Os quatro primeiros avan\u00e7am para as quartas de final. Quem ficar do 5\u00b0 ao 12\u00b0 lugar joga os playoffs oitavas de final.<\/p>\n","protected":false},"excerpt":{"rendered":"<p>Tudo pronto para a 15\u00aa edi\u00e7\u00e3o do NBB. Ap\u00f3s reuni\u00e3o do Conselho de Administra\u00e7\u00e3o da Liga Nacional de Basquete, foram confirmadas 17 equipes na temporada 2022\/2023 do basquete brasileiro. E, mais uma vez, o Distrito Federal estar\u00e1 representado por duas equipes: o Bras\u00edlia Basquete, que terminou a fase de competi\u00e7\u00e3o do \u00faltimo NBB na lanterna, [&hellip;]<\/p>\n","protected":false},"author":2,"featured_media":22191,"comment_status":"closed","ping_status":"closed","sticky":false,"template":"","format":"standard","meta":{"footnotes":""},"categories":[12],"tags":[],"class_list":["post-22190","post","type-post","status-publish","format-standard","has-post-thumbnail","hentry","category-basquete"],"_links":{"self":[{"href":"https:\/\/www.esportesbrasilia.com.br\/noticias\/wp-json\/wp\/v2\/posts\/22190","targetHints":{"allow":["GET"]}}],"collection":[{"href":"https:\/\/www.esportesbrasilia.com.br\/noticias\/wp-json\/wp\/v2\/posts"}],"about":[{"href":"https:\/\/www.esportesbrasilia.com.br\/noticias\/wp-json\/wp\/v2\/types\/post"}],"author":[{"embeddable":true,"href":"https:\/\/www.esportesbrasilia.com.br\/noticias\/wp-json\/wp\/v2\/users\/2"}],"replies":[{"embeddable":true,"href":"https:\/\/www.esportesbrasilia.com.br\/noticias\/wp-json\/wp\/v2\/comments?post=22190"}],"version-history":[{"count":1,"href":"https:\/\/www.esportesbrasilia.com.br\/noticias\/wp-json\/wp\/v2\/posts\/22190\/revisions"}],"predecessor-version":[{"id":22192,"href":"https:\/\/www.esportesbrasilia.com.br\/noticias\/wp-json\/wp\/v2\/posts\/22190\/revisions\/22192"}],"wp:featuredmedia":[{"embeddable":true,"href":"https:\/\/www.esportesbrasilia.com.br\/noticias\/wp-json\/wp\/v2\/media\/22191"}],"wp:attachment":[{"href":"https:\/\/www.esportesbrasilia.com.br\/noticias\/wp-json\/wp\/v2\/media?parent=22190"}],"wp:term":[{"taxonomy":"category","embeddable":true,"href":"https:\/\/www.esportesbrasilia.com.br\/noticias\/wp-json\/wp\/v2\/categories?post=22190"},{"taxonomy":"post_tag","embeddable":true,"href":"https:\/\/www.esportesbrasilia.com.br\/noticias\/wp-json\/wp\/v2\/tags?post=22190"}],"curies":[{"name":"wp","href":"https:\/\/api.w.org\/{rel}","templated":true}]}}