{"id":22183,"date":"2022-08-10T19:41:00","date_gmt":"2022-08-10T22:41:00","guid":{"rendered":"https:\/\/www.esportesbrasilia.com.br\/noticias\/?p=22183"},"modified":"2022-08-10T20:25:42","modified_gmt":"2022-08-10T23:25:42","slug":"tecnico-de-time-da-segundinha-e-demitido-no-intervalo-de-partida","status":"publish","type":"post","link":"https:\/\/www.esportesbrasilia.com.br\/noticias\/futebol\/tecnico-de-time-da-segundinha-e-demitido-no-intervalo-de-partida.html","title":{"rendered":"T\u00e9cnico de time da Segundinha \u00e9 demitido no intervalo de partida"},"content":{"rendered":"\n<p><strong>Foto: Rodrigo Ferreira\/V1 Sports<\/strong><\/p>\n\n\n\n<p>Depois de uma partida durar apenas 11 minutos, mais um fato inusitado aconteceu na segunda divis\u00e3o do Candang\u00e3o 2022, a querida Segundinha.<\/p>\n\n\n\n<p>O time da vez \u00e9 o SESP Samambaense, que tem origem em Planaltina\/GO, mas hoje atua como &#8216;representante&#8217; de Samambaia, no Distrito Federal. Na tarde desta quarta-feira (10), o time recebeu o Gr\u00eamio Valpara\u00edso em partida v\u00e1lida pela terceira rodada da competi\u00e7\u00e3o, no est\u00e1dio Roriz\u00e3o, em Samambaia.<\/p>\n\n\n\n<p>O gol \u00fanico da partida foi marcado por L\u00eddio Chacon, aos 21 minutos do primeiro tempo, dando a vit\u00f3ria ao Gr\u00eamio Valpara\u00edso. Depois deste momento, o presidente do SESP Samambaense, Gerson Carvalho, ligou para um dos dirigentes que estava no est\u00e1dio e determinou que demitissem o t\u00e9cnico Marcos Sidney, durante a partida.<\/p>\n\n\n\n<p>Insatisfeito com a atua\u00e7\u00e3o em campo, o presidente queria que Marcos deixasse o campo com bola rolando, o que n\u00e3o \u00e9 permitido pelas regras do futebol. Com isso, no intervalo de jogo, o treinador foi comunicado da decis\u00e3o de Gerson. Mesmo assim, Marcos voltou para o segundo tempo de partida, mesmo j\u00e1 sabendo que n\u00e3o treinaria mais.<\/p>\n\n\n\n<p>O SESP Samambaense segurou o resultado, chegou a quase empatar o jogo, mas acabou derrotado por 1&#215;0.<\/p>\n\n\n\n<p>&#8220;Ele \u00e9 muito ruim. Mexeu errado, desarmou o time&#8221;, disse Gerson, em entrevista por telefone, \u00e0 reportagem da <strong>Esportes Bras\u00edlia.<\/strong> &#8220;Eu n\u00e3o poderia tir\u00e1-lo do campo, no intervalo de jogo, pois n\u00f3s ser\u00edamos multados. Ele, aquele goleiro frangueiro dele, a comiss\u00e3o dele, vai todo mundo embora&#8221;, completou o dirigente.<\/p>\n\n\n\n<p>Agora, caber\u00e1 a Marcos Sabar\u00e1, que j\u00e1 estava na equipe e foi promovido a treinador, comandar o time na sequ\u00eancia da competi\u00e7\u00e3o. Na pr\u00f3xima rodada, o SESP Samambaense enfrenta a ARUC no s\u00e1bado (13), no est\u00e1dio Municipal de Alex\u00e2nia\/GO.<\/p>\n","protected":false},"excerpt":{"rendered":"<p>Foto: Rodrigo Ferreira\/V1 Sports Depois de uma partida durar apenas 11 minutos, mais um fato inusitado aconteceu na segunda divis\u00e3o do Candang\u00e3o 2022, a querida Segundinha. O time da vez \u00e9 o SESP Samambaense, que tem origem em Planaltina\/GO, mas hoje atua como &#8216;representante&#8217; de Samambaia, no Distrito Federal. Na tarde desta quarta-feira (10), o [&hellip;]<\/p>\n","protected":false},"author":2,"featured_media":22186,"comment_status":"closed","ping_status":"closed","sticky":false,"template":"","format":"standard","meta":{"footnotes":""},"categories":[8],"tags":[],"class_list":["post-22183","post","type-post","status-publish","format-standard","has-post-thumbnail","hentry","category-futebol"],"_links":{"self":[{"href":"https:\/\/www.esportesbrasilia.com.br\/noticias\/wp-json\/wp\/v2\/posts\/22183","targetHints":{"allow":["GET"]}}],"collection":[{"href":"https:\/\/www.esportesbrasilia.com.br\/noticias\/wp-json\/wp\/v2\/posts"}],"about":[{"href":"https:\/\/www.esportesbrasilia.com.br\/noticias\/wp-json\/wp\/v2\/types\/post"}],"author":[{"embeddable":true,"href":"https:\/\/www.esportesbrasilia.com.br\/noticias\/wp-json\/wp\/v2\/users\/2"}],"replies":[{"embeddable":true,"href":"https:\/\/www.esportesbrasilia.com.br\/noticias\/wp-json\/wp\/v2\/comments?post=22183"}],"version-history":[{"count":4,"href":"https:\/\/www.esportesbrasilia.com.br\/noticias\/wp-json\/wp\/v2\/posts\/22183\/revisions"}],"predecessor-version":[{"id":22189,"href":"https:\/\/www.esportesbrasilia.com.br\/noticias\/wp-json\/wp\/v2\/posts\/22183\/revisions\/22189"}],"wp:featuredmedia":[{"embeddable":true,"href":"https:\/\/www.esportesbrasilia.com.br\/noticias\/wp-json\/wp\/v2\/media\/22186"}],"wp:attachment":[{"href":"https:\/\/www.esportesbrasilia.com.br\/noticias\/wp-json\/wp\/v2\/media?parent=22183"}],"wp:term":[{"taxonomy":"category","embeddable":true,"href":"https:\/\/www.esportesbrasilia.com.br\/noticias\/wp-json\/wp\/v2\/categories?post=22183"},{"taxonomy":"post_tag","embeddable":true,"href":"https:\/\/www.esportesbrasilia.com.br\/noticias\/wp-json\/wp\/v2\/tags?post=22183"}],"curies":[{"name":"wp","href":"https:\/\/api.w.org\/{rel}","templated":true}]}}