{"id":22161,"date":"2022-08-08T21:45:00","date_gmt":"2022-08-09T00:45:00","guid":{"rendered":"https:\/\/www.esportesbrasilia.com.br\/noticias\/?p=22161"},"modified":"2022-08-09T10:47:43","modified_gmt":"2022-08-09T13:47:43","slug":"loucura-na-colina-e-o-vasco-agora-e-saf","status":"publish","type":"post","link":"https:\/\/www.esportesbrasilia.com.br\/noticias\/colunas\/notatico\/loucura-na-colina-e-o-vasco-agora-e-saf.html","title":{"rendered":"Loucura na Colina e o Vasco agora \u00e9 SAF!"},"content":{"rendered":"\n<p>Paulo Martins<\/p>\n\n\n\n<p>Que bela maioria aplicou os favor\u00e1veis \u00e0 sociedade an\u00f4nima de futebol na vota\u00e7\u00e3o deste \u00faltimo domingo. Sem d\u00favida foi not\u00edcia do dia. Ainda assim, me surpreendeu o quantitativo de contr\u00e1rios \u00e0 sociedade. Coisa que eu tamb\u00e9m entendo os porqu\u00eas, ainda que n\u00e3o necessariamente concorde.<\/p>\n\n\n\n<p>Claramente toda decis\u00e3o que uma pessoa toma na vida \u00e9 pol\u00edtica. De certo, sair da S\u00e9rie B n\u00e3o \u00e9 prop\u00f3sito solo da SAF. Basta ver que demorou pouco mais de um ano entre a SAF do Botafogo e do Vasco serem consolidadas. Isto \u00e9, s\u00e3o institui\u00e7\u00f5es distintas. Mas no campo, na partida-chave do acesso de 2021, em S\u00e3o Janu\u00e1rio\u2026 melhor foi ao vasca\u00edno esquecer aquele jogo.<\/p>\n\n\n\n<p>N\u00e3o \u00e9 a salva\u00e7\u00e3o do Vasco. Quem e o qu\u00ea salvou o Vasco foi sua louca torcida! \u00c9 aparecer um Casimiro, um Luva de Pedreiro, um Neguer\u00ea. Quantos memes e quanta irrever\u00eancia vasca\u00edna n\u00e3o apareceu nas redes sociais em meio a um dos piores momentos da rica hist\u00f3ria do Vasco da Gama? Eu acharia estranho se voc\u00ea pensasse que tudo isso n\u00e3o tem a ver com a escolha da 777 Partners em escolher o cruz-maltino.<\/p>\n\n\n\n<p>A SAF n\u00e3o necessariamente significa sucesso econ\u00f4mico e garantia de t\u00edtulos. Sequer \u00e9 necess\u00e1rio uma SAF para isto. \u00c9 dif\u00edcil dissociar futebol e dinheiro atualmente. Basta ver: dos quatro grandes do Rio, temos duas SAF&#8217;s e duas &#8220;n\u00e3o-SAF&#8217;s&#8221;. E os que n\u00e3o s\u00e3o passam um grato momento a parte. Se a situa\u00e7\u00e3o muda \u00e0 frente? Quem sabe?<\/p>\n","protected":false},"excerpt":{"rendered":"<p>Paulo Martins Que bela maioria aplicou os favor\u00e1veis \u00e0 sociedade an\u00f4nima de futebol na vota\u00e7\u00e3o deste \u00faltimo domingo. Sem d\u00favida foi not\u00edcia do dia. Ainda assim, me surpreendeu o quantitativo de contr\u00e1rios \u00e0 sociedade. Coisa que eu tamb\u00e9m entendo os porqu\u00eas, ainda que n\u00e3o necessariamente concorde. Claramente toda decis\u00e3o que uma pessoa toma na vida [&hellip;]<\/p>\n","protected":false},"author":1,"featured_media":21716,"comment_status":"closed","ping_status":"closed","sticky":false,"template":"","format":"standard","meta":{"footnotes":""},"categories":[1029],"tags":[],"class_list":["post-22161","post","type-post","status-publish","format-standard","has-post-thumbnail","hentry","category-notatico"],"_links":{"self":[{"href":"https:\/\/www.esportesbrasilia.com.br\/noticias\/wp-json\/wp\/v2\/posts\/22161","targetHints":{"allow":["GET"]}}],"collection":[{"href":"https:\/\/www.esportesbrasilia.com.br\/noticias\/wp-json\/wp\/v2\/posts"}],"about":[{"href":"https:\/\/www.esportesbrasilia.com.br\/noticias\/wp-json\/wp\/v2\/types\/post"}],"author":[{"embeddable":true,"href":"https:\/\/www.esportesbrasilia.com.br\/noticias\/wp-json\/wp\/v2\/users\/1"}],"replies":[{"embeddable":true,"href":"https:\/\/www.esportesbrasilia.com.br\/noticias\/wp-json\/wp\/v2\/comments?post=22161"}],"version-history":[{"count":1,"href":"https:\/\/www.esportesbrasilia.com.br\/noticias\/wp-json\/wp\/v2\/posts\/22161\/revisions"}],"predecessor-version":[{"id":22162,"href":"https:\/\/www.esportesbrasilia.com.br\/noticias\/wp-json\/wp\/v2\/posts\/22161\/revisions\/22162"}],"wp:featuredmedia":[{"embeddable":true,"href":"https:\/\/www.esportesbrasilia.com.br\/noticias\/wp-json\/wp\/v2\/media\/21716"}],"wp:attachment":[{"href":"https:\/\/www.esportesbrasilia.com.br\/noticias\/wp-json\/wp\/v2\/media?parent=22161"}],"wp:term":[{"taxonomy":"category","embeddable":true,"href":"https:\/\/www.esportesbrasilia.com.br\/noticias\/wp-json\/wp\/v2\/categories?post=22161"},{"taxonomy":"post_tag","embeddable":true,"href":"https:\/\/www.esportesbrasilia.com.br\/noticias\/wp-json\/wp\/v2\/tags?post=22161"}],"curies":[{"name":"wp","href":"https:\/\/api.w.org\/{rel}","templated":true}]}}