{"id":22095,"date":"2022-07-29T11:13:33","date_gmt":"2022-07-29T14:13:33","guid":{"rendered":"https:\/\/www.esportesbrasilia.com.br\/noticias\/?p=22095"},"modified":"2022-07-29T11:13:34","modified_gmt":"2022-07-29T14:13:34","slug":"cbf-confirma-datas-das-quartas-de-final-do-brasileirao-feminino-a2","status":"publish","type":"post","link":"https:\/\/www.esportesbrasilia.com.br\/noticias\/futebol\/cbf-confirma-datas-das-quartas-de-final-do-brasileirao-feminino-a2.html","title":{"rendered":"CBF confirma datas das quartas de final do Brasileir\u00e3o Feminino A2"},"content":{"rendered":"\n<p>A Confedera\u00e7\u00e3o Brasileira de Futebol confirmou as datas das quartas de final do Brasileir\u00e3o Feminino A2. O Minas Bras\u00edlia, representante do Distrito Federal, est\u00e1 a 180 minutos de conquistar o retorno para a elite do futebol feminino brasileiro.<\/p>\n\n\n\n<p>O time candango enfrentar\u00e1 o Bahia em dois jogos. O primeiro acontece no dia 7 de agosto, \u00e0s 15h, no est\u00e1dio Ciro Machado, na Vila Planalto. J\u00e1 o jogo da volta ser\u00e1 realizado em 14 de agosto, \u00e0s 15h, no CT Evaristo de Macedo, em Cama\u00e7ari\/BA.<\/p>\n\n\n\n<p>Em caso de empate na somat\u00f3ria dos 180 minutos, a vaga ser\u00e1 decidida em cobran\u00e7as de penalidade m\u00e1xima.<\/p>\n\n\n\n<p>Al\u00e9m de Minas Bras\u00edlia e Bahia, as outras quartas de final ser\u00e3o jogadas entre:<\/p>\n\n\n\n<p>Real Ariquemes\/RO x Fortaleza<br>JC\/AM x Cear\u00e1<br>Botafogo x Athl\u00e9tico Paranaense<\/p>\n","protected":false},"excerpt":{"rendered":"<p>A Confedera\u00e7\u00e3o Brasileira de Futebol confirmou as datas das quartas de final do Brasileir\u00e3o Feminino A2. O Minas Bras\u00edlia, representante do Distrito Federal, est\u00e1 a 180 minutos de conquistar o retorno para a elite do futebol feminino brasileiro. O time candango enfrentar\u00e1 o Bahia em dois jogos. O primeiro acontece no dia 7 de agosto, [&hellip;]<\/p>\n","protected":false},"author":2,"featured_media":15416,"comment_status":"closed","ping_status":"closed","sticky":false,"template":"","format":"standard","meta":{"footnotes":""},"categories":[8],"tags":[],"class_list":["post-22095","post","type-post","status-publish","format-standard","has-post-thumbnail","hentry","category-futebol"],"_links":{"self":[{"href":"https:\/\/www.esportesbrasilia.com.br\/noticias\/wp-json\/wp\/v2\/posts\/22095","targetHints":{"allow":["GET"]}}],"collection":[{"href":"https:\/\/www.esportesbrasilia.com.br\/noticias\/wp-json\/wp\/v2\/posts"}],"about":[{"href":"https:\/\/www.esportesbrasilia.com.br\/noticias\/wp-json\/wp\/v2\/types\/post"}],"author":[{"embeddable":true,"href":"https:\/\/www.esportesbrasilia.com.br\/noticias\/wp-json\/wp\/v2\/users\/2"}],"replies":[{"embeddable":true,"href":"https:\/\/www.esportesbrasilia.com.br\/noticias\/wp-json\/wp\/v2\/comments?post=22095"}],"version-history":[{"count":1,"href":"https:\/\/www.esportesbrasilia.com.br\/noticias\/wp-json\/wp\/v2\/posts\/22095\/revisions"}],"predecessor-version":[{"id":22096,"href":"https:\/\/www.esportesbrasilia.com.br\/noticias\/wp-json\/wp\/v2\/posts\/22095\/revisions\/22096"}],"wp:featuredmedia":[{"embeddable":true,"href":"https:\/\/www.esportesbrasilia.com.br\/noticias\/wp-json\/wp\/v2\/media\/15416"}],"wp:attachment":[{"href":"https:\/\/www.esportesbrasilia.com.br\/noticias\/wp-json\/wp\/v2\/media?parent=22095"}],"wp:term":[{"taxonomy":"category","embeddable":true,"href":"https:\/\/www.esportesbrasilia.com.br\/noticias\/wp-json\/wp\/v2\/categories?post=22095"},{"taxonomy":"post_tag","embeddable":true,"href":"https:\/\/www.esportesbrasilia.com.br\/noticias\/wp-json\/wp\/v2\/tags?post=22095"}],"curies":[{"name":"wp","href":"https:\/\/api.w.org\/{rel}","templated":true}]}}