{"id":22091,"date":"2022-07-28T18:27:37","date_gmt":"2022-07-28T21:27:37","guid":{"rendered":"https:\/\/www.esportesbrasilia.com.br\/noticias\/?p=22091"},"modified":"2022-07-29T11:14:55","modified_gmt":"2022-07-29T14:14:55","slug":"a-dois-dias-da-estreia-cfz-brasilia-anuncia-desistencia-da-segundinha-2022","status":"publish","type":"post","link":"https:\/\/www.esportesbrasilia.com.br\/noticias\/futebol\/a-dois-dias-da-estreia-cfz-brasilia-anuncia-desistencia-da-segundinha-2022.html","title":{"rendered":"A dois dias da estreia, CFZ Bras\u00edlia anuncia desist\u00eancia da Segundinha 2022"},"content":{"rendered":"\n<p><em>Colaborou Jorge Agle<\/em><br><em>Atualizada em 29.07.22 \u00e0s 11:14<\/em><\/p>\n\n\n\n<p>No fim da tarde desta quinta-feira (28), a Federa\u00e7\u00e3o de Futebol do Distrito Federal anunciou, pelas redes sociais, que o CFZ Bras\u00edlia desistiu de disputar a Segundinha 2022.<\/p>\n\n\n\n<p>Segundo a assessoria de comunica\u00e7\u00e3o da entidade, um comunicado foi recebido pela Federa\u00e7\u00e3o, que informava a desist\u00eancia da participa\u00e7\u00e3o.<\/p>\n\n\n\n<p>De acordo com o Artigo 43\u00ba do regulamento da competi\u00e7\u00e3o, o CFZ Bras\u00edlia poder\u00e1 ser punido com a proibi\u00e7\u00e3o de disputar as duas pr\u00f3ximas edi\u00e7\u00f5es do torneio, al\u00e9m de receber uma multa administrativa no valor de R$ 3.000.<\/p>\n\n\n\n<p>O texto ainda aponta que todos os jogos dos times que enfrentariam o CFZ Bras\u00edlia ser\u00e3o considerados vit\u00f3ria do advers\u00e1rio por 3&#215;0.<\/p>\n\n\n\n<p>A reportagem da <strong>Esportes Bras\u00edlia<\/strong> procurou Eduardo Carlos dos Santos, presidente do CFZ Bras\u00edlia, que alegou quest\u00f5es administrativas internas como determinantes para a sa\u00edda do clube da competi\u00e7\u00e3o.<\/p>\n\n\n\n<p>O mandat\u00e1rio ainda afirmou que j\u00e1 est\u00e1 organizando o planejamento para 2023 e que o CFZ Bras\u00edlia ir\u00e1 concentrar as for\u00e7as nas categorias de base, que segundo Eduardo, sempre foi o forte da equipe.<\/p>\n","protected":false},"excerpt":{"rendered":"<p>Colaborou Jorge AgleAtualizada em 29.07.22 \u00e0s 11:14 No fim da tarde desta quinta-feira (28), a Federa\u00e7\u00e3o de Futebol do Distrito Federal anunciou, pelas redes sociais, que o CFZ Bras\u00edlia desistiu de disputar a Segundinha 2022. Segundo a assessoria de comunica\u00e7\u00e3o da entidade, um comunicado foi recebido pela Federa\u00e7\u00e3o, que informava a desist\u00eancia da participa\u00e7\u00e3o. De [&hellip;]<\/p>\n","protected":false},"author":2,"featured_media":22084,"comment_status":"closed","ping_status":"closed","sticky":false,"template":"","format":"standard","meta":{"footnotes":""},"categories":[8],"tags":[],"class_list":["post-22091","post","type-post","status-publish","format-standard","has-post-thumbnail","hentry","category-futebol"],"_links":{"self":[{"href":"https:\/\/www.esportesbrasilia.com.br\/noticias\/wp-json\/wp\/v2\/posts\/22091","targetHints":{"allow":["GET"]}}],"collection":[{"href":"https:\/\/www.esportesbrasilia.com.br\/noticias\/wp-json\/wp\/v2\/posts"}],"about":[{"href":"https:\/\/www.esportesbrasilia.com.br\/noticias\/wp-json\/wp\/v2\/types\/post"}],"author":[{"embeddable":true,"href":"https:\/\/www.esportesbrasilia.com.br\/noticias\/wp-json\/wp\/v2\/users\/2"}],"replies":[{"embeddable":true,"href":"https:\/\/www.esportesbrasilia.com.br\/noticias\/wp-json\/wp\/v2\/comments?post=22091"}],"version-history":[{"count":3,"href":"https:\/\/www.esportesbrasilia.com.br\/noticias\/wp-json\/wp\/v2\/posts\/22091\/revisions"}],"predecessor-version":[{"id":22097,"href":"https:\/\/www.esportesbrasilia.com.br\/noticias\/wp-json\/wp\/v2\/posts\/22091\/revisions\/22097"}],"wp:featuredmedia":[{"embeddable":true,"href":"https:\/\/www.esportesbrasilia.com.br\/noticias\/wp-json\/wp\/v2\/media\/22084"}],"wp:attachment":[{"href":"https:\/\/www.esportesbrasilia.com.br\/noticias\/wp-json\/wp\/v2\/media?parent=22091"}],"wp:term":[{"taxonomy":"category","embeddable":true,"href":"https:\/\/www.esportesbrasilia.com.br\/noticias\/wp-json\/wp\/v2\/categories?post=22091"},{"taxonomy":"post_tag","embeddable":true,"href":"https:\/\/www.esportesbrasilia.com.br\/noticias\/wp-json\/wp\/v2\/tags?post=22091"}],"curies":[{"name":"wp","href":"https:\/\/api.w.org\/{rel}","templated":true}]}}