{"id":22032,"date":"2022-07-21T12:32:05","date_gmt":"2022-07-21T15:32:05","guid":{"rendered":"https:\/\/www.esportesbrasilia.com.br\/noticias\/?p=22032"},"modified":"2022-07-21T12:35:01","modified_gmt":"2022-07-21T15:35:01","slug":"o-turco-e-o-portugues","status":"publish","type":"post","link":"https:\/\/www.esportesbrasilia.com.br\/noticias\/colunas\/notatico\/o-turco-e-o-portugues.html","title":{"rendered":"O turco e o portugu\u00eas"},"content":{"rendered":"\n<p>Paulo Martins<\/p>\n\n\n\n<p>Dois dos times mais competitivos do continente se enfrentar\u00e3o em um choque interessante a partir do dia 3 de agosto, sobretudo com seus t\u00e9cnicos. Um dos duelos mais aguardados das quartas de final da Libertadores reserva nada mais nada menos que um Atl\u00e9tico Mineiro e Palmeiras.<\/p>\n\n\n\n<p>O atual bicampe\u00e3o da Am\u00e9rica fechar\u00e1 a s\u00e9rie em S\u00e3o Paulo frente ao atual supercampe\u00e3o do Brasil, que tudo ganhou em nacionais na temporada de 2021. No entanto, o destino do Porco e do Galo se cruzam neste ponto interessante e com ares de cl\u00edmax em pleno agosto, mesmo com a temporada encerrando-se antes, devido \u00e0 Copa do Mundo.<\/p>\n\n\n\n<p>O Palmeiras, que at\u00e9 a presente data anotou incr\u00edveis 100 gols no ano (nem todos pela temporada 2022, considerando os tr\u00eas tentos anotados no Mundial de Clubes 2021), se v\u00ea em estranha fase: algumas crises internas com questionamentos \u00e0 presid\u00eancia, a aus\u00eancia de um centroavante pela baixa efetividade de Rafael Navarro e Rony sendo improvisado (ainda assim superando, em gols, Pel\u00e9 e Zico na competi\u00e7\u00e3o continental!), e as infec\u00e7\u00f5es por covid da mente brilhante \u00e0 beira do campo (Abel Ferreira) e dentro do meio de campo (Raphael Veiga) foram fatores que atrapalharam o verde.<\/p>\n\n\n\n<p>No Mineiro, o elenco se mant\u00e9m, refor\u00e7ando-se com alguns nomes, para o segmento da temporada, como Jemerson e Cristian Pav\u00f3n (visto que Diego God\u00edn pouca saudade deixa e j\u00e1 veste as cores do V\u00e9lez, que tamb\u00e9m jogar\u00e1 as quartas da Libertadores). Por\u00e9m, a fase do Atl\u00e9tico pode se resumir a um nome em isolado: Antonio Mohamed. &#8220;El Turco&#8221;, sem sombra de d\u00favidas, n\u00e3o tem a m\u00e3o do time como Cuca tinha em 2013 e em 2021. O Atl\u00e9tico se fez praticamente invenc\u00edvel nas m\u00e3os do t\u00e9cnico que tamb\u00e9m jogou e foi campe\u00e3o comandando o Palmeiras.<\/p>\n\n\n\n<p>E nos t\u00e9cnicos, mais do que nunca, se v\u00ea o cen\u00e1rio-chave para este confronto. Um dos dois vai balan\u00e7ar seriamente se for eliminado. Nem que o t\u00e9cnico que avan\u00e7ar perca para Athl\u00e9tico-PR ou Estudiantes. Isso \u00e9 porque n\u00e3o falamos de um cl\u00e1ssico: Palmeiras e Atl\u00e9tico-MG t\u00eam torcidas amigas. Boa parte dos atleticanos torceu pela vit\u00f3ria do alviverde paulista na final de Montevid\u00e9u, mesmo depois do Verd\u00e3o o haver eliminado. Soa ins\u00f3lito, mas \u00e9 o futebol.<\/p>\n\n\n\n<p>O &#8220;turco&#8221; (visto que na Argentina, pa\u00eds natal de Mohamed, efusivo &#8220;hincha&#8221; do Hurac\u00e1n, qualquer descendente de liban\u00eas, s\u00edrio, \u00e1rabe ou &#8220;agregados&#8221; s\u00e3o chamados de &#8220;turco&#8221; porque sim) e o portugu\u00eas devem enfrentar este jogo como o ponto de virada da temporada. Claro que Abel j\u00e1 \u00e9 \u00eddolo e Antonio n\u00e3o \u00e9 unanimidade. Da\u00ed o tempero do jogo. Na \u00faltima oportunidade, daquelas intermin\u00e1veis semifinais do ano passado, o cen\u00e1rio era reverso: Cuca rumava a ser campe\u00e3o de tudo e Abel era contestado (como sempre, sobretudo pela imprensa).<\/p>\n\n\n\n<p>Etnicamente, turcos e portugueses t\u00eam, estereotipadamente, um bigode. Mas apenas este turco e este portugu\u00eas t\u00eam nas m\u00e3os um Atl\u00e9tico com Hulk, Nacho Fern\u00e1ndez e \u00c9verson e um Palmeiras com Rony, Dudu e Raphael Veiga. Dever\u00e1 ser um confronto apertado, dos que fiquem para a hist\u00f3ria e dos que n\u00e3o h\u00e1 zebra, pois s\u00e3o Palmeiras e Atl\u00e9tico Mineiro, a partir da terceira d\u00e9cada deste s\u00e9culo: um semi-cl\u00e1ssico saud\u00e1vel, onde vive o futebol.<\/p>\n\n\n\n<p><em>Excepcionalmente publicada, esta semana, nesta quinta-feira (21.07). A coluna vai ao ar, normalmente, \u00e0s segundas-feiras.<\/em><\/p>\n","protected":false},"excerpt":{"rendered":"<p>Paulo Martins Dois dos times mais competitivos do continente se enfrentar\u00e3o em um choque interessante a partir do dia 3 de agosto, sobretudo com seus t\u00e9cnicos. Um dos duelos mais aguardados das quartas de final da Libertadores reserva nada mais nada menos que um Atl\u00e9tico Mineiro e Palmeiras. O atual bicampe\u00e3o da Am\u00e9rica fechar\u00e1 a [&hellip;]<\/p>\n","protected":false},"author":1,"featured_media":21716,"comment_status":"closed","ping_status":"closed","sticky":false,"template":"","format":"standard","meta":{"footnotes":""},"categories":[1029],"tags":[],"class_list":["post-22032","post","type-post","status-publish","format-standard","has-post-thumbnail","hentry","category-notatico"],"_links":{"self":[{"href":"https:\/\/www.esportesbrasilia.com.br\/noticias\/wp-json\/wp\/v2\/posts\/22032","targetHints":{"allow":["GET"]}}],"collection":[{"href":"https:\/\/www.esportesbrasilia.com.br\/noticias\/wp-json\/wp\/v2\/posts"}],"about":[{"href":"https:\/\/www.esportesbrasilia.com.br\/noticias\/wp-json\/wp\/v2\/types\/post"}],"author":[{"embeddable":true,"href":"https:\/\/www.esportesbrasilia.com.br\/noticias\/wp-json\/wp\/v2\/users\/1"}],"replies":[{"embeddable":true,"href":"https:\/\/www.esportesbrasilia.com.br\/noticias\/wp-json\/wp\/v2\/comments?post=22032"}],"version-history":[{"count":2,"href":"https:\/\/www.esportesbrasilia.com.br\/noticias\/wp-json\/wp\/v2\/posts\/22032\/revisions"}],"predecessor-version":[{"id":22034,"href":"https:\/\/www.esportesbrasilia.com.br\/noticias\/wp-json\/wp\/v2\/posts\/22032\/revisions\/22034"}],"wp:featuredmedia":[{"embeddable":true,"href":"https:\/\/www.esportesbrasilia.com.br\/noticias\/wp-json\/wp\/v2\/media\/21716"}],"wp:attachment":[{"href":"https:\/\/www.esportesbrasilia.com.br\/noticias\/wp-json\/wp\/v2\/media?parent=22032"}],"wp:term":[{"taxonomy":"category","embeddable":true,"href":"https:\/\/www.esportesbrasilia.com.br\/noticias\/wp-json\/wp\/v2\/categories?post=22032"},{"taxonomy":"post_tag","embeddable":true,"href":"https:\/\/www.esportesbrasilia.com.br\/noticias\/wp-json\/wp\/v2\/tags?post=22032"}],"curies":[{"name":"wp","href":"https:\/\/api.w.org\/{rel}","templated":true}]}}